{"id":68505,"date":"2025-08-14T22:20:12","date_gmt":"2025-08-15T01:20:12","guid":{"rendered":"https:\/\/24formosa.com.ar\/?p=68505"},"modified":"2025-08-14T22:20:18","modified_gmt":"2025-08-15T01:20:18","slug":"linea-102-llevo-adelante-charla-de-concientizacion-sobre-riesgos-en-internet","status":"publish","type":"post","link":"https:\/\/24formosa.com.ar\/?p=68505","title":{"rendered":"L\u00ednea 102 llev\u00f3 adelante charla de concientizaci\u00f3n sobre riesgos en internet"},"content":{"rendered":"\n<p><em>En el marco del Mes de las Infancias, la L\u00ednea 102 \u2014servicio gratuito y confidencial de ayuda y orientaci\u00f3n para ni\u00f1as, ni\u00f1os y adolescentes\u2014 junto al \u00e1rea de Redes, Sistemas y Telecomunicaciones del Ministerio de la Comunidad, desarroll\u00f3 una jornada de sensibilizaci\u00f3n sobre el uso seguro y responsable de internet.<\/em><\/p>\n\n\n\n<p>El encuentro estuvo dirigido a estudiantes del Colegio Don Bosco y abord\u00f3 problem\u00e1ticas como el grooming, el ciberbullying, la suplantaci\u00f3n de identidad y la difusi\u00f3n no consentida de im\u00e1genes \u00edntimas.<\/p>\n\n\n\n<p>\u201cEstas situaciones no son hechos aislados ni lejanos. Ocurren en entornos digitales que forman parte de la vida cotidiana de las y los adolescentes, muchas veces sin que los adultos lo adviertan\u201d, afirm\u00f3 Robert Iv\u00e1n Medina Pati\u00f1o, director de Ni\u00f1ez y Adolescencia.<\/p>\n\n\n\n<p>La propuesta incluy\u00f3 charlas interactivas, an\u00e1lisis de casos reales y din\u00e1micas participativas para promover reflexiones sobre las relaciones saludables en entornos digitales y brindar herramientas de prevenci\u00f3n.<\/p>\n\n\n\n<figure class=\"wp-block-image\"><a href=\"https:\/\/agenfor.com.ar\/wp-content\/uploads\/2025\/08\/dinamica.jpeg\"><img decoding=\"async\" src=\"https:\/\/agenfor.com.ar\/wp-content\/uploads\/2025\/08\/dinamica-1024x682.jpeg\" alt=\"\" class=\"wp-image-239816\"\/><\/a><\/figure>\n\n\n\n<p>La L\u00ednea 102 lleva adelante de forma permanente conversatorios y talleres en establecimientos educativos de nivel primario y secundario, con diversas tem\u00e1ticas orientadas a que las infancias y adolescencias conozcan sus derechos y puedan expresarse cuando consideren que estos est\u00e1n siendo vulnerados.<\/p>\n\n\n\n<p>En el caso de las charlas sobre el uso responsable de internet, tambi\u00e9n se realizar\u00e1n encuentros espec\u00edficos con madres, padres y referentes afectivos.<\/p>\n\n\n\n<p>En este sentido, el equipo t\u00e9cnico de la L\u00ednea se\u00f1al\u00f3 que \u201clos contenidos y la metodolog\u00eda var\u00edan de acuerdo a la edad de los chicos; tenemos pensado hacerlo tambi\u00e9n con padres y actores sociales, pero en cualquiera de los casos, el fin de estos espacios es informar para estar atentos, prevenir y asesorar. Y, fundamentalmente, acompa\u00f1ar a nuestros ni\u00f1os y adolescentes, hacerles sentir que no est\u00e1n solos y que pueden confiar tanto en los adultos de su entorno familiar como en la L\u00ednea 102\u201d.<\/p>\n\n\n\n<figure class=\"wp-block-image\"><a href=\"https:\/\/agenfor.com.ar\/wp-content\/uploads\/2025\/08\/equipo-YouTube.jpeg\"><img decoding=\"async\" src=\"https:\/\/agenfor.com.ar\/wp-content\/uploads\/2025\/08\/equipo-YouTube-1024x682.jpeg\" alt=\"\" class=\"wp-image-239811\"\/><\/a><\/figure>\n\n\n\n<p>\u201cHoy la tecnolog\u00eda est\u00e1 integrada a la vida diaria de ni\u00f1as, ni\u00f1os y adolescentes. Nuestro compromiso es que puedan aprovechar sus beneficios sin exponerse a riesgos que pongan en juego su bienestar. Por eso seguimos trabajando para que crezcan protegidos, libres de violencias y con adultos que sepan acompa\u00f1arlos tambi\u00e9n en el mundo digital\u201d, destac\u00f3 Medina Pati\u00f1o.<\/p>\n\n\n\n<p>Esta iniciativa se suma a otras que el Ministerio de la Comunidad viene impulsando durante agosto, mes de las infancias, con actividades recreativas, talleres, en distintos entornos como los espacios de Encuentro de la Comunidad Organizada (ECO), los Centros de Desarrollo Infantil, los Espacios de Acompa\u00f1amiento Comunitario y las Direcciones de Ni\u00f1ez y Adolescencia y Desarrollo Juvenil, reafirmando el derecho al juego, al cuidado y a sentirse queridos.<\/p>\n","protected":false},"excerpt":{"rendered":"<p>En el marco del Mes de las Infancias, la L\u00ednea 102 \u2014servicio gratuito y confidencial<\/p>\n","protected":false},"author":8,"featured_media":68506,"comment_status":"closed","ping_status":"closed","sticky":false,"template":"","format":"standard","meta":{"footnotes":""},"categories":[1],"tags":[],"class_list":["post-68505","post","type-post","status-publish","format-standard","has-post-thumbnail","hentry","category-noticias"],"_links":{"self":[{"href":"https:\/\/24formosa.com.ar\/index.php?rest_route=\/wp\/v2\/posts\/68505","targetHints":{"allow":["GET"]}}],"collection":[{"href":"https:\/\/24formosa.com.ar\/index.php?rest_route=\/wp\/v2\/posts"}],"about":[{"href":"https:\/\/24formosa.com.ar\/index.php?rest_route=\/wp\/v2\/types\/post"}],"author":[{"embeddable":true,"href":"https:\/\/24formosa.com.ar\/index.php?rest_route=\/wp\/v2\/users\/8"}],"replies":[{"embeddable":true,"href":"https:\/\/24formosa.com.ar\/index.php?rest_route=%2Fwp%2Fv2%2Fcomments&post=68505"}],"version-history":[{"count":1,"href":"https:\/\/24formosa.com.ar\/index.php?rest_route=\/wp\/v2\/posts\/68505\/revisions"}],"predecessor-version":[{"id":68507,"href":"https:\/\/24formosa.com.ar\/index.php?rest_route=\/wp\/v2\/posts\/68505\/revisions\/68507"}],"wp:featuredmedia":[{"embeddable":true,"href":"https:\/\/24formosa.com.ar\/index.php?rest_route=\/wp\/v2\/media\/68506"}],"wp:attachment":[{"href":"https:\/\/24formosa.com.ar\/index.php?rest_route=%2Fwp%2Fv2%2Fmedia&parent=68505"}],"wp:term":[{"taxonomy":"category","embeddable":true,"href":"https:\/\/24formosa.com.ar\/index.php?rest_route=%2Fwp%2Fv2%2Fcategories&post=68505"},{"taxonomy":"post_tag","embeddable":true,"href":"https:\/\/24formosa.com.ar\/index.php?rest_route=%2Fwp%2Fv2%2Ftags&post=68505"}],"curies":[{"name":"wp","href":"https:\/\/api.w.org\/{rel}","templated":true}]}}