{"id":68448,"date":"2025-08-12T22:03:20","date_gmt":"2025-08-13T01:03:20","guid":{"rendered":"https:\/\/24formosa.com.ar\/?p=68448"},"modified":"2025-08-12T22:03:21","modified_gmt":"2025-08-13T01:03:21","slug":"el-gobierno-de-formosa-celebrara-el-dia-de-las-infancias-2025","status":"publish","type":"post","link":"https:\/\/24formosa.com.ar\/?p=68448","title":{"rendered":"El Gobierno de Formosa celebrar\u00e1 el D\u00eda de las Infancias 2025"},"content":{"rendered":"\n<p><em>El fin de semana del s\u00e1bado 23 y domingo 24 de agosto, el Gobierno de Formosa celebrar\u00e1 el D\u00eda de las Infancias 2025 con un imponente festival que incluir\u00e1 sorteos de bicicletas, chocolateada y pan de leche, shows en vivo, juegos y otras variadas propuestas.<\/em><\/p>\n\n\n\n<p>La cita del s\u00e1bado 23 es, a partir de las 14.30 horas, en avenida de Los Constituyentes y Soldado Formose\u00f1o de la Jurisdicci\u00f3n Cinco; y, el domingo 24, en el tradicional Para\u00edso de los Ni\u00f1os, ubicado en avenida N\u00e9stor Kirchner y 8 de abril.<\/p>\n\n\n\n<figure class=\"wp-block-image\"><a href=\"https:\/\/agenfor.com.ar\/wp-content\/uploads\/2025\/08\/dia-de-las-infancias-3.jpeg\"><img decoding=\"async\" src=\"https:\/\/agenfor.com.ar\/wp-content\/uploads\/2025\/08\/dia-de-las-infancias-3-1024x682.jpeg\" alt=\"\" class=\"wp-image-239375\"\/><\/a><\/figure>\n\n\n\n<p>El evento se desarrollar\u00e1 en el marco del Mes de las Infancias, donde diversos organismos del Gobierno provincial, como as\u00ed tambi\u00e9n agrupaciones pol\u00edticas afines al Modelo Formose\u00f1o, llevan adelante variadas propuestas en diferentes puntos de la provincia.<\/p>\n\n\n\n<p>A ello, se suma la entrega tradicional de los juguetes en cada instituci\u00f3n educativa de la provincia que ocurri\u00f3 el domingo pasado y totaliz\u00f3 m\u00e1s de 200 mil presentes en todo el territorio formose\u00f1o, pol\u00edtica que caracteriza a este proyecto pol\u00edtico y no ocurre en otra jurisdicci\u00f3n del pa\u00eds.<\/p>\n","protected":false},"excerpt":{"rendered":"<p>El fin de semana del s\u00e1bado 23 y domingo 24 de agosto, el Gobierno de<\/p>\n","protected":false},"author":8,"featured_media":68449,"comment_status":"closed","ping_status":"closed","sticky":false,"template":"","format":"standard","meta":{"footnotes":""},"categories":[1],"tags":[],"class_list":["post-68448","post","type-post","status-publish","format-standard","has-post-thumbnail","hentry","category-noticias"],"_links":{"self":[{"href":"https:\/\/24formosa.com.ar\/index.php?rest_route=\/wp\/v2\/posts\/68448","targetHints":{"allow":["GET"]}}],"collection":[{"href":"https:\/\/24formosa.com.ar\/index.php?rest_route=\/wp\/v2\/posts"}],"about":[{"href":"https:\/\/24formosa.com.ar\/index.php?rest_route=\/wp\/v2\/types\/post"}],"author":[{"embeddable":true,"href":"https:\/\/24formosa.com.ar\/index.php?rest_route=\/wp\/v2\/users\/8"}],"replies":[{"embeddable":true,"href":"https:\/\/24formosa.com.ar\/index.php?rest_route=%2Fwp%2Fv2%2Fcomments&post=68448"}],"version-history":[{"count":1,"href":"https:\/\/24formosa.com.ar\/index.php?rest_route=\/wp\/v2\/posts\/68448\/revisions"}],"predecessor-version":[{"id":68450,"href":"https:\/\/24formosa.com.ar\/index.php?rest_route=\/wp\/v2\/posts\/68448\/revisions\/68450"}],"wp:featuredmedia":[{"embeddable":true,"href":"https:\/\/24formosa.com.ar\/index.php?rest_route=\/wp\/v2\/media\/68449"}],"wp:attachment":[{"href":"https:\/\/24formosa.com.ar\/index.php?rest_route=%2Fwp%2Fv2%2Fmedia&parent=68448"}],"wp:term":[{"taxonomy":"category","embeddable":true,"href":"https:\/\/24formosa.com.ar\/index.php?rest_route=%2Fwp%2Fv2%2Fcategories&post=68448"},{"taxonomy":"post_tag","embeddable":true,"href":"https:\/\/24formosa.com.ar\/index.php?rest_route=%2Fwp%2Fv2%2Ftags&post=68448"}],"curies":[{"name":"wp","href":"https:\/\/api.w.org\/{rel}","templated":true}]}}