{"id":68445,"date":"2025-08-12T22:01:25","date_gmt":"2025-08-13T01:01:25","guid":{"rendered":"https:\/\/24formosa.com.ar\/?p=68445"},"modified":"2025-08-12T22:01:26","modified_gmt":"2025-08-13T01:01:26","slug":"insfran-encabezara-el-homenaje-a-san-martin-en-el-175-aniversario-de-su-fallecimiento","status":"publish","type":"post","link":"https:\/\/24formosa.com.ar\/?p=68445","title":{"rendered":"Insfr\u00e1n encabezar\u00e1 el homenaje a San Mart\u00edn en el 175\u00b0 aniversario de su fallecimiento"},"content":{"rendered":"\n<p><em>Se llev\u00f3 a cabo este martes la reuni\u00f3n previa al acto conmemorativo del 175\u00b0 aniversario del fallecimiento del general Jos\u00e9 de San Mart\u00edn, previsto para el domingo 17 en la Capital.<\/em><\/p>\n\n\n\n<p>La ceremonia ser\u00e1 presidida por el gobernador Gildo Insfr\u00e1n y tendr\u00e1 lugar en la plaza que honra al Padre de la Patria, en la intersecci\u00f3n de la Avenida 25 de Mayo y la calle Fontana, desde las 9 horas.<\/p>\n\n\n\n<p>Por este motivo, se realiz\u00f3 la reuni\u00f3n preparatoria que cont\u00f3 con la participaci\u00f3n de representantes de distintos organismos del Estado provincial que tendr\u00e1n participaci\u00f3n en el acto, como el ministro de Cultura y Educaci\u00f3n, Julio Ar\u00e1oz.<\/p>\n\n\n\n<figure class=\"wp-block-image\"><a href=\"https:\/\/agenfor.com.ar\/wp-content\/uploads\/2025\/08\/reuniion-preparatoria2.jpg\"><img decoding=\"async\" src=\"https:\/\/agenfor.com.ar\/wp-content\/uploads\/2025\/08\/reuniion-preparatoria2-1024x474.jpg\" alt=\"\" class=\"wp-image-239498\"\/><\/a><\/figure>\n\n\n\n<p>De acuerdo a la invitaci\u00f3n oficial, la concentraci\u00f3n de delegaciones escolares, de las fuerzas armadas, de seguridad, policial, y p\u00fablico ser\u00e1 en la plaza San Mart\u00edn a partir de las 8.<\/p>\n\n\n\n<p>A las 9 est\u00e1 prevista la llegada del primer mandatario, tras lo cual se dar\u00e1 la presentaci\u00f3n de efectivos y la entonaci\u00f3n de los himnos. El acto continuar\u00e1 con una poes\u00eda alusiva a la fecha, el dep\u00f3sito de ofrendas florales al pie del monumento del Padre de la Patria y un minuto de silencio.<\/p>\n\n\n\n<p>Luego, un funcionario en representaci\u00f3n del Gobierno provincial brindar\u00e1 palabras a los presentes, para dar paso al desfile correspondiente.<\/p>\n","protected":false},"excerpt":{"rendered":"<p>Se llev\u00f3 a cabo este martes la reuni\u00f3n previa al acto conmemorativo del 175\u00b0 aniversario<\/p>\n","protected":false},"author":8,"featured_media":68446,"comment_status":"closed","ping_status":"closed","sticky":false,"template":"","format":"standard","meta":{"footnotes":""},"categories":[1],"tags":[],"class_list":["post-68445","post","type-post","status-publish","format-standard","has-post-thumbnail","hentry","category-noticias"],"_links":{"self":[{"href":"https:\/\/24formosa.com.ar\/index.php?rest_route=\/wp\/v2\/posts\/68445","targetHints":{"allow":["GET"]}}],"collection":[{"href":"https:\/\/24formosa.com.ar\/index.php?rest_route=\/wp\/v2\/posts"}],"about":[{"href":"https:\/\/24formosa.com.ar\/index.php?rest_route=\/wp\/v2\/types\/post"}],"author":[{"embeddable":true,"href":"https:\/\/24formosa.com.ar\/index.php?rest_route=\/wp\/v2\/users\/8"}],"replies":[{"embeddable":true,"href":"https:\/\/24formosa.com.ar\/index.php?rest_route=%2Fwp%2Fv2%2Fcomments&post=68445"}],"version-history":[{"count":1,"href":"https:\/\/24formosa.com.ar\/index.php?rest_route=\/wp\/v2\/posts\/68445\/revisions"}],"predecessor-version":[{"id":68447,"href":"https:\/\/24formosa.com.ar\/index.php?rest_route=\/wp\/v2\/posts\/68445\/revisions\/68447"}],"wp:featuredmedia":[{"embeddable":true,"href":"https:\/\/24formosa.com.ar\/index.php?rest_route=\/wp\/v2\/media\/68446"}],"wp:attachment":[{"href":"https:\/\/24formosa.com.ar\/index.php?rest_route=%2Fwp%2Fv2%2Fmedia&parent=68445"}],"wp:term":[{"taxonomy":"category","embeddable":true,"href":"https:\/\/24formosa.com.ar\/index.php?rest_route=%2Fwp%2Fv2%2Fcategories&post=68445"},{"taxonomy":"post_tag","embeddable":true,"href":"https:\/\/24formosa.com.ar\/index.php?rest_route=%2Fwp%2Fv2%2Ftags&post=68445"}],"curies":[{"name":"wp","href":"https:\/\/api.w.org\/{rel}","templated":true}]}}