{"id":68404,"date":"2025-08-08T22:31:50","date_gmt":"2025-08-09T01:31:50","guid":{"rendered":"https:\/\/24formosa.com.ar\/?p=68404"},"modified":"2025-08-08T22:31:50","modified_gmt":"2025-08-09T01:31:50","slug":"conmemoraron-el-dia-de-las-unidades-penitenciarias-de-la-policia-de-formosa","status":"publish","type":"post","link":"https:\/\/24formosa.com.ar\/?p=68404","title":{"rendered":"Conmemoraron el D\u00eda de las Unidades Penitenciarias de la Polic\u00eda de Formosa"},"content":{"rendered":"\n<p><em>Este viernes 8, desde las 8.45 horas, en el Instituto Superior de Formaci\u00f3n Policial (exEscuela de Cadetes), se llev\u00f3 a cabo el acto por el D\u00eda de las Unidades Penitenciarias provinciales de la Polic\u00eda de Formosa.<\/em><\/p>\n\n\n\n<p>Al respecto, el ministro de Gobierno, Justicia, Seguridad y Trabajo, Jorge Abel Gonz\u00e1lez, convers\u00f3 con&nbsp;<strong>AGENFOR&nbsp;<\/strong>y explic\u00f3 que la fuerza policial es un cuerpo que, por ende, \u201ctiene muchas \u00e1reas que van atendiendo distintos aspectos de la realidad sobre donde tiene que intervenir\u201d.<\/p>\n\n\n\n<p>\u201cGeneralmente cuando existe alg\u00fan tipo de situaci\u00f3n, hay personas que son detenidas y puestas a disposici\u00f3n de la Justicia. Entonces, lo que significa esa etapa de una persona privada de su libertad y\/o que est\u00e1 guardando el dictamen de la Justicia respecto de su conducta o ya tiene una sentencia, va a estar en un \u00e1mbito espec\u00edfico que es un \u00e1mbito penitenciario\u201d, continu\u00f3.<\/p>\n\n\n\n<p>Y agreg\u00f3: \u201cLa Polic\u00eda hace muchos a\u00f1os viene trabajando esta tem\u00e1tica, entonces la cuesti\u00f3n penitenciaria es algo importante dentro de la instituci\u00f3n\u201d.<\/p>\n\n\n\n<p>En ese sentido, el funcionario aclar\u00f3 que si bien, las unidades penitenciarias no son \u201calgo espec\u00edfico de la Polic\u00eda\u201d, en Formosa, \u201ccomo somos una provincia joven, es todav\u00eda responsabilidad nuestra\u201d.<\/p>\n\n\n\n<figure class=\"wp-block-image\"><a href=\"https:\/\/agenfor.com.ar\/wp-content\/uploads\/2025\/08\/unidades-penitenciarias_acto_con-marca-2.jpg\"><img decoding=\"async\" src=\"https:\/\/agenfor.com.ar\/wp-content\/uploads\/2025\/08\/unidades-penitenciarias_acto_con-marca-2-1024x682.jpg\" alt=\"\" class=\"wp-image-239002\"\/><\/a><\/figure>\n\n\n\n<p>\u201cPor eso para nosotros es muy importante poder llevar adelante este acto en el que vamos conformando dentro de lo que es la Polic\u00eda el aspecto institucional de lo que se refiere a las cuestiones penitenciarias\u201d, ratific\u00f3.<\/p>\n\n\n\n<p>Asimismo, indic\u00f3 que la construcci\u00f3n de un sistema penitenciario provincial requiere que \u201chaya personas con una capacitaci\u00f3n t\u00e9cnica espec\u00edfica para poder llevar adelante la tarea\u201d, por ello, record\u00f3, el gobernador Insfr\u00e1n \u201ctom\u00f3 la decisi\u00f3n pol\u00edtica, en el 2007, de modificar la curr\u00edcula de formaci\u00f3n policial creando la Tecnicatura en Seguridad P\u00fablica\u201d.<\/p>\n\n\n\n<p>\u201cY, con el tiempo, empezamos a trabajar un aspecto relevante que es un \u00e1rea espec\u00edfica para quienes se est\u00e1n formando para poder llevar la tarea espec\u00edficamente en las \u00e1reas penitenciarias\u201d, a\u00f1adi\u00f3.<\/p>\n\n\n\n<figure class=\"wp-block-image\"><a href=\"https:\/\/agenfor.com.ar\/wp-content\/uploads\/2025\/08\/unidades-penitenciarias_acto_con-marca-15.jpg\"><img decoding=\"async\" src=\"https:\/\/agenfor.com.ar\/wp-content\/uploads\/2025\/08\/unidades-penitenciarias_acto_con-marca-15-1024x682.jpg\" alt=\"\" class=\"wp-image-238998\"\/><\/a><\/figure>\n\n\n\n<p>Por lo tanto, se cre\u00f3 la Tecnicatura en Seguridad P\u00fablica en Seguridad Penitenciaria, con el fin de ir formando a j\u00f3venes con una orientaci\u00f3n espec\u00edfica para llevar adelante la tarea dentro de lo que es el \u00e1rea penitenciaria.<\/p>\n\n\n\n<p>\u201cY lo hicimos, no solamente en lo que refiere a la carrera de oficiales de polic\u00eda, sino tambi\u00e9n en el \u00e1rea de agentes de polic\u00eda, en el cuerpo de suboficiales. Tal es as\u00ed que tenemos 13 cohortes de suboficiales ya formados en el \u00e1rea penitenciaria y ocho cohortes de t\u00e9cnicos en seguridad penitenciaria\u201d, detall\u00f3.<\/p>\n\n\n\n<p>Gonz\u00e1lez precis\u00f3 tambi\u00e9n que, en la provincia, hay seis unidades penitenciarias y dos de ellas tienen subunidades: la N\u00b04 que est\u00e1 en Clorinda y la N\u00b0 2 de Capital.<\/p>\n\n\n\n<p>\u201cY ese es un dato no menor. Nosotros hemos tenido, en Formosa, un logro important\u00edsimo en lo que hace a los aspectos penitenciarios que es la separaci\u00f3n de las personas procesadas de las personas condenadas\u201d, indic\u00f3.<\/p>\n\n\n\n<figure class=\"wp-block-image\"><a href=\"https:\/\/agenfor.com.ar\/wp-content\/uploads\/2025\/08\/unidades-penitenciarias_acto_con-marca-9.jpg\"><img decoding=\"async\" src=\"https:\/\/agenfor.com.ar\/wp-content\/uploads\/2025\/08\/unidades-penitenciarias_acto_con-marca-9-1024x682.jpg\" alt=\"\" class=\"wp-image-238992\"\/><\/a><\/figure>\n\n\n\n<p>Y profundiz\u00f3: \u201cEl otro logro, tambi\u00e9n muy importante que ha sido puesto de resalto por parte del Comit\u00e9 Nacional para la Prevenci\u00f3n de la Tortura, que hace 15 d\u00edas hizo una recorrida por nuestra provincia, es que no tenemos personas condenadas en comisar\u00edas\u201d.<\/p>\n\n\n\n<p>Esta situaci\u00f3n, asegur\u00f3 el Ministro, \u201chabla a las claras del trabajo serio y responsable que viene haciendo nuestra Polic\u00eda de la provincia, como se\u00f1ala el Gobernador, con vistas a que en el futuro podamos constituir un servicio penitenciario provincial espec\u00edfico\u201d.<\/p>\n\n\n\n<p>\u201cLa pol\u00edtica criminal tiene que estar orientada a la prevenci\u00f3n del delito pero cuando el delito se produzca a la persecuci\u00f3n y a la prevenci\u00f3n de los autores de los delitos puestos a disposici\u00f3n de la justicia, que sea la justicia la que disponga la sanci\u00f3n para las conductas\u201d, manifest\u00f3.<\/p>\n\n\n\n<figure class=\"wp-block-image\"><a href=\"https:\/\/agenfor.com.ar\/wp-content\/uploads\/2025\/08\/unidades-penitenciarias_acto_con-marca-4.jpg\"><img decoding=\"async\" src=\"https:\/\/agenfor.com.ar\/wp-content\/uploads\/2025\/08\/unidades-penitenciarias_acto_con-marca-4-1024x682.jpg\" alt=\"\" class=\"wp-image-238987\"\/><\/a><\/figure>\n\n\n\n<p>Y agreg\u00f3: \u201cAh\u00ed viene este otro proceso que es el aspecto penitenciario, la de la recuperaci\u00f3n de esa persona. Las c\u00e1rceles tienen que ser \u00e1mbitos en los que se tiene que buscar la resocializaci\u00f3n de la persona, un periodo para que reflexione respecto de sus conductas y que tambi\u00e9n dentro del \u00e1mbito penitenciario tenga la oportunidad de poder incorporar saberes y conocimientos t\u00e9cnicos como para poder desempe\u00f1arse posteriormente cuando reingrese a la comunidad\u201d.<\/p>\n\n\n\n<p>En ese sentido, Gonz\u00e1lez puso en valor la educaci\u00f3n formal de las escuelas primarias y secundarias y los estudiantes penitenciarios que, actualmente, cursan terciarios y carreras universitarias, como as\u00ed tambi\u00e9n oficios.<\/p>\n\n\n\n<p>\u201cY despu\u00e9s un mont\u00f3n de ofertas que hacen a talleres literarios, por ejemplo, que nos permiten tambi\u00e9n acompa\u00f1ar el proceso de resocializaci\u00f3n. El a\u00f1o pasado, junto con el Ministerio de Educaci\u00f3n, se logr\u00f3 la publicaci\u00f3n de un libro donde se vuelcan todas las producciones de los internos y las internas que participaron de los talleres de literatura\u201d, cerr\u00f3.<\/p>\n","protected":false},"excerpt":{"rendered":"<p>Este viernes 8, desde las 8.45 horas, en el Instituto Superior de Formaci\u00f3n Policial (exEscuela<\/p>\n","protected":false},"author":8,"featured_media":68405,"comment_status":"closed","ping_status":"closed","sticky":false,"template":"","format":"standard","meta":{"footnotes":""},"categories":[1],"tags":[],"class_list":["post-68404","post","type-post","status-publish","format-standard","has-post-thumbnail","hentry","category-noticias"],"_links":{"self":[{"href":"https:\/\/24formosa.com.ar\/index.php?rest_route=\/wp\/v2\/posts\/68404","targetHints":{"allow":["GET"]}}],"collection":[{"href":"https:\/\/24formosa.com.ar\/index.php?rest_route=\/wp\/v2\/posts"}],"about":[{"href":"https:\/\/24formosa.com.ar\/index.php?rest_route=\/wp\/v2\/types\/post"}],"author":[{"embeddable":true,"href":"https:\/\/24formosa.com.ar\/index.php?rest_route=\/wp\/v2\/users\/8"}],"replies":[{"embeddable":true,"href":"https:\/\/24formosa.com.ar\/index.php?rest_route=%2Fwp%2Fv2%2Fcomments&post=68404"}],"version-history":[{"count":1,"href":"https:\/\/24formosa.com.ar\/index.php?rest_route=\/wp\/v2\/posts\/68404\/revisions"}],"predecessor-version":[{"id":68406,"href":"https:\/\/24formosa.com.ar\/index.php?rest_route=\/wp\/v2\/posts\/68404\/revisions\/68406"}],"wp:featuredmedia":[{"embeddable":true,"href":"https:\/\/24formosa.com.ar\/index.php?rest_route=\/wp\/v2\/media\/68405"}],"wp:attachment":[{"href":"https:\/\/24formosa.com.ar\/index.php?rest_route=%2Fwp%2Fv2%2Fmedia&parent=68404"}],"wp:term":[{"taxonomy":"category","embeddable":true,"href":"https:\/\/24formosa.com.ar\/index.php?rest_route=%2Fwp%2Fv2%2Fcategories&post=68404"},{"taxonomy":"post_tag","embeddable":true,"href":"https:\/\/24formosa.com.ar\/index.php?rest_route=%2Fwp%2Fv2%2Ftags&post=68404"}],"curies":[{"name":"wp","href":"https:\/\/api.w.org\/{rel}","templated":true}]}}