{"id":68401,"date":"2025-08-08T22:27:14","date_gmt":"2025-08-09T01:27:14","guid":{"rendered":"https:\/\/24formosa.com.ar\/?p=68401"},"modified":"2025-08-08T22:27:15","modified_gmt":"2025-08-09T01:27:15","slug":"construccion-en-formosa-empresas-salarios-reales-y-empleos-registrados","status":"publish","type":"post","link":"https:\/\/24formosa.com.ar\/?p=68401","title":{"rendered":"Construcci\u00f3n en Formosa: Empresas, salarios reales y empleos registrados"},"content":{"rendered":"\n<p><em>Desde la consultora Politik\u00e9 se analiz\u00f3 la situaci\u00f3n de la construcci\u00f3n en el marco del contexto nacional que atraviesa el pa\u00eds con la obra p\u00fablica pr\u00e1cticamente paralizada desde la asunci\u00f3n del actual presidente Javier Milei, adem\u00e1s con la ca\u00edda en junio del 2025 del consumo interno del cemento del 8,5%, en su comparaci\u00f3n interanual a nivel nacional, seg\u00fan la Asociaci\u00f3n de Fabricantes de Cemento Portland.<\/em><\/p>\n\n\n\n<p>Todo ello en contraste con lo que ocurre en la provincia de Formosa, donde contin\u00faa la obra p\u00fablica con el financiamiento de la propia jurisdicci\u00f3n. &nbsp;<\/p>\n\n\n\n<figure class=\"wp-block-image\"><a href=\"https:\/\/agenfor.com.ar\/wp-content\/uploads\/2025\/08\/image.png\"><img decoding=\"async\" src=\"https:\/\/agenfor.com.ar\/wp-content\/uploads\/2025\/08\/image.png\" alt=\"\" class=\"wp-image-239034\"\/><\/a><figcaption class=\"wp-element-caption\"><strong>Fuente: Elaboraci\u00f3n propia en base a datos del IERIC.<\/strong><\/figcaption><\/figure>\n\n\n\n<p>En este sentido, explicaron las empresas en el rubro de la construcci\u00f3n, contemplando el tipo de actividad (constructoras\/contratistas, subcontratistas), en la provincia de Formosa registraron un crecimiento del 9,30%, siendo de esta forma la jurisdicci\u00f3n del pa\u00eds que mayor crecimiento present\u00f3 en junio del 2025 en su comparaci\u00f3n interanual.<\/p>\n\n\n\n<p>Por otra parte, al analizar los salarios reales en Argentina en el sector de la construcci\u00f3n, apreciaron que la provincia norte\u00f1a tuvo un crecimiento del salario real en el sector analizado del 23,60% interanual para mayo, siendo de esta forma Formosa la jurisdicci\u00f3n con los salarios de mayor crecimiento del pa\u00eds en el sector de la construcci\u00f3n.<\/p>\n\n\n\n<p>Por otro lado, en lo que refiere a los puestos de trabajo registrados en la construcci\u00f3n en el mes de mayo del 2025, observaron que Formosa tuvo un crecimiento del 46, 20% en su comparaci\u00f3n interanual, ubic\u00e1ndose de esta forma como la segunda jurisdicci\u00f3n de mayor crecimiento en el pa\u00eds.<\/p>\n\n\n\n<figure class=\"wp-block-image\"><a href=\"https:\/\/agenfor.com.ar\/wp-content\/uploads\/2025\/08\/image-1.png\"><img decoding=\"async\" src=\"https:\/\/agenfor.com.ar\/wp-content\/uploads\/2025\/08\/image-1.png\" alt=\"\" class=\"wp-image-239035\"\/><\/a><figcaption class=\"wp-element-caption\"><strong>Fuente: Elaboraci\u00f3n propia en base a datos del IERIC.<\/strong><\/figcaption><\/figure>\n\n\n\n<p>\u201cEs evidente c\u00f3mo la decisi\u00f3n pol\u00edtica de mantener la obra p\u00fablica, financiada con fondos provinciales, repercute de manera positiva en la calidad de vida de nuestra poblaci\u00f3n\u201d, enfatizaron desde la consultora.<\/p>\n\n\n\n<p>En este contexto, destacaron que Formosa se posiciona como la tercera provincia del pa\u00eds con mayor inversi\u00f3n en obra p\u00fablica, lo que subraya el compromiso del Gobierno provincial con el desarrollo y bienestar de sus ciudadanos. Estas acciones no solo generan empleo y dinamizan la econom\u00eda local, sino que tambi\u00e9n aseguran el acceso a infraestructuras esenciales, mejorando el entorno de todos los formose\u00f1os, remarcaron.<\/p>\n\n\n\n<p><strong>Autos nuevos en Formosa<\/strong><\/p>\n\n\n\n<p>Asimismo, informaron que, en el mes de julio del 2025, las transferencias de autos en Formosa aumentaron un 6,1% en su comparaci\u00f3n con el mismo mes del a\u00f1o anterior, siendo de esta manera una de las provincias que mayor crecimiento interanual experiment\u00f3 en el pa\u00eds.<\/p>\n\n\n\n<p>Por otro lado, al examinar las inscripciones iniciales de autos en Formosa en el mes de julio, consignaron que hubo un crecimiento del 37,3% en su comparaci\u00f3n con el mismo per\u00edodo del a\u00f1o anterior.<\/p>\n\n\n\n<p><strong>Vacaciones de invierno<\/strong><\/p>\n\n\n\n<figure class=\"wp-block-image\"><a href=\"https:\/\/agenfor.com.ar\/wp-content\/uploads\/2025\/08\/image-2.png\"><img decoding=\"async\" src=\"https:\/\/agenfor.com.ar\/wp-content\/uploads\/2025\/08\/image-2.png\" alt=\"\" class=\"wp-image-239036\"\/><\/a><figcaption class=\"wp-element-caption\"><strong>Fuente: Elaboraci\u00f3n propia en base a datos de la CAME.<\/strong><\/figcaption><\/figure>\n\n\n\n<p>En las vacaciones de invierno del 2025 viajaron un 10,9% menos que el a\u00f1o pasado, apuntaron, a\u00f1adiendo que el gasto total estimado en millones de pesos fue 11,2% menos que en 2024.<\/p>\n\n\n\n<p>Adem\u00e1s, si se analiza la estad\u00eda promedio, se advierte que se redujo 4,9% en comparaci\u00f3n con el a\u00f1o pasado.<\/p>\n\n\n\n<p>A su vez, respecto de la situaci\u00f3n de Formosa, hicieron notar que la estad\u00eda promedio fue de tres noches y el gasto diario ascendi\u00f3 a $95.000 por persona. Tambi\u00e9n, se apunt\u00f3 que uno de los destinos m\u00e1s visitados fue el Ba\u00f1ado La Estrella, el cual tuvo un movimiento del 70% y de esta forma contin\u00faa consolid\u00e1ndose como una de las siete maravillas naturales de Argentina.<\/p>\n\n\n\n<p><strong>Cines<\/strong><\/p>\n\n\n\n<p>Durante el receso invernal, gran parte de las familias argentinas tienen como tradici\u00f3n acudir de forma masiva a los cines. Este a\u00f1o, la oferta de pel\u00edculas fue variada y para todos los grupos etarios, pero los resultados obtenidos fueron malos.<\/p>\n\n\n\n<figure class=\"wp-block-image\"><a href=\"https:\/\/agenfor.com.ar\/wp-content\/uploads\/2025\/08\/image-3.png\"><img decoding=\"async\" src=\"https:\/\/agenfor.com.ar\/wp-content\/uploads\/2025\/08\/image-3.png\" alt=\"\" class=\"wp-image-239037\"\/><\/a><figcaption class=\"wp-element-caption\"><strong>Fuente: Elaboraci\u00f3n propia en base a los datos de Ultracine.<\/strong><\/figcaption><\/figure>\n\n\n\n<p>Desde Politik\u00e9 se\u00f1alaron que seg\u00fan la consultora Ultracine, durante el mes de julio se vendieron 4.662.498 tickets en los cines de todo el pa\u00eds, siendo este a\u00f1o uno de los peores de las tres \u00faltimas d\u00e9cadas, teniendo en cuenta que los a\u00f1os 2020 y 2021 no son tenidos en cuenta por la pandemia que azot\u00f3 al planeta en esos a\u00f1os.<\/p>\n\n\n\n<p>Comparado al a\u00f1o 2023, previo al shock econ\u00f3mico inducido por el Gobierno de Milei, las entradas vendidas fueron un 37,61% menos.<\/p>\n\n\n\n<p>Este es un simple, pero claro ejemplo de que el crecimiento que informa el Instituto Nacional de Estad\u00edstica y Censos (INDEC), en su informe del Estimador Mensual de Actividad Econ\u00f3mica (EMAE), no tiene correlaci\u00f3n con lo que ocurre en los sectores de consumo masivo de la econom\u00eda del pa\u00eds, enfatizaron desde Politik\u00e9.<\/p>\n\n\n\n<p><strong>Consumo de carne<\/strong><\/p>\n\n\n\n<p>En otro orden, al analizar el consumo de carne en los seis primeros meses del 2025, precisaron que la industria frigor\u00edfica vacuna produjo un total de 1518 mil toneladas en los primeros seis meses del 2025.<\/p>\n\n\n\n<figure class=\"wp-block-image\"><a href=\"https:\/\/agenfor.com.ar\/wp-content\/uploads\/2025\/08\/image-4.png\"><img decoding=\"async\" src=\"https:\/\/agenfor.com.ar\/wp-content\/uploads\/2025\/08\/image-4.png\" alt=\"\" class=\"wp-image-239038\"\/><\/a><figcaption class=\"wp-element-caption\"><strong>Fuente: Elaboraci\u00f3n propia en base a datos de la CICCRA.<\/strong><\/figcaption><\/figure>\n\n\n\n<p>Del mismo modo, las exportaciones vacunas retrocedieron 21,1% en su comparaci\u00f3n de enero-junio del a\u00f1o pasado, en tanto que el consumo interno de la producci\u00f3n en los primeros seis meses del 2025 represent\u00f3 el 76,2% de la producci\u00f3n total, siendo el resto saldo exportador.<\/p>\n\n\n\n<p>Por \u00faltimo, en la serie de consumo de carne vacuna por habitante, desde 2005 al 2025, para junio de cada a\u00f1o, puntualizaron que el del 2025 fue uno de los m\u00e1s bajos de la serie. &nbsp;<\/p>\n","protected":false},"excerpt":{"rendered":"<p>Desde la consultora Politik\u00e9 se analiz\u00f3 la situaci\u00f3n de la construcci\u00f3n en el marco del<\/p>\n","protected":false},"author":8,"featured_media":68402,"comment_status":"closed","ping_status":"closed","sticky":false,"template":"","format":"standard","meta":{"footnotes":""},"categories":[1],"tags":[],"class_list":["post-68401","post","type-post","status-publish","format-standard","has-post-thumbnail","hentry","category-noticias"],"_links":{"self":[{"href":"https:\/\/24formosa.com.ar\/index.php?rest_route=\/wp\/v2\/posts\/68401","targetHints":{"allow":["GET"]}}],"collection":[{"href":"https:\/\/24formosa.com.ar\/index.php?rest_route=\/wp\/v2\/posts"}],"about":[{"href":"https:\/\/24formosa.com.ar\/index.php?rest_route=\/wp\/v2\/types\/post"}],"author":[{"embeddable":true,"href":"https:\/\/24formosa.com.ar\/index.php?rest_route=\/wp\/v2\/users\/8"}],"replies":[{"embeddable":true,"href":"https:\/\/24formosa.com.ar\/index.php?rest_route=%2Fwp%2Fv2%2Fcomments&post=68401"}],"version-history":[{"count":1,"href":"https:\/\/24formosa.com.ar\/index.php?rest_route=\/wp\/v2\/posts\/68401\/revisions"}],"predecessor-version":[{"id":68403,"href":"https:\/\/24formosa.com.ar\/index.php?rest_route=\/wp\/v2\/posts\/68401\/revisions\/68403"}],"wp:featuredmedia":[{"embeddable":true,"href":"https:\/\/24formosa.com.ar\/index.php?rest_route=\/wp\/v2\/media\/68402"}],"wp:attachment":[{"href":"https:\/\/24formosa.com.ar\/index.php?rest_route=%2Fwp%2Fv2%2Fmedia&parent=68401"}],"wp:term":[{"taxonomy":"category","embeddable":true,"href":"https:\/\/24formosa.com.ar\/index.php?rest_route=%2Fwp%2Fv2%2Fcategories&post=68401"},{"taxonomy":"post_tag","embeddable":true,"href":"https:\/\/24formosa.com.ar\/index.php?rest_route=%2Fwp%2Fv2%2Ftags&post=68401"}],"curies":[{"name":"wp","href":"https:\/\/api.w.org\/{rel}","templated":true}]}}