{"id":68390,"date":"2025-08-08T22:20:06","date_gmt":"2025-08-09T01:20:06","guid":{"rendered":"https:\/\/24formosa.com.ar\/?p=68390"},"modified":"2025-08-08T22:20:07","modified_gmt":"2025-08-09T01:20:07","slug":"inicio-una-capacitacion-de-acompanante-terapeutico-con-orientacion-en-tea","status":"publish","type":"post","link":"https:\/\/24formosa.com.ar\/?p=68390","title":{"rendered":"Inici\u00f3 una capacitaci\u00f3n de Acompa\u00f1ante Terap\u00e9utico con orientaci\u00f3n en TEA"},"content":{"rendered":"\n<p>Con una destacada participaci\u00f3n producto del inter\u00e9s por la tem\u00e1tica, este viernes 8 se inici\u00f3 en el Estadio Centenario de la ciudad de Formosa, sito en calle Fontana 1351, un curso de Acompa\u00f1ante Terap\u00e9utico con orientaci\u00f3n en TEA (Trastorno del Espectro Autista).<\/p>\n\n\n\n<p>En esta que fue su apertura la actividad se extendi\u00f3 en el horario de 18 a 20 horas. No obstante, continuar\u00e1 este s\u00e1bado 9 en el horario matutino. &nbsp;Esto ser\u00e1 desde las 8 hasta las 12 horas. Cabe destacar que la capacitaci\u00f3n costa de cuatro m\u00f3dulos.<\/p>\n\n\n\n<p>Como presidenta de la Fundaci\u00f3n para la Asistencia Solidaria (FAS), cuya instituci\u00f3n junto con la Fundaci\u00f3n Rinc\u00f3n de Luz aunaron esfuerzos para lograr el dictado de este curso \u201ccon voluntad, compromiso y mucho amor\u201d, lo destac\u00f3 la arquitecta Blanca Denis, quien precisamente fue parte de la presentaci\u00f3n de apertura junto a referentes de otras instituciones que trabajan el tema de la discapacidad.<\/p>\n\n\n\n<p>Esos valores justamente fueron los que lo impulsaron como tambi\u00e9n en repudio a todo lo que \u201cest\u00e1 pasando a nivel nacional con respecto a las personas con discapacidad, a quienes les est\u00e1n quitando derechos, recursos, asistencia y atenci\u00f3n, como a sus familiares\u201d, condenando de esa manera el veto del presidente Javier Milei a la Ley de Emergencia en Discapacidad.<\/p>\n\n\n\n<figure class=\"wp-block-image\"><a href=\"https:\/\/agenfor.com.ar\/wp-content\/uploads\/2025\/08\/WhatsApp-Image-2025-08-08-at-6.43.15-PM.jpeg\"><img decoding=\"async\" src=\"https:\/\/agenfor.com.ar\/wp-content\/uploads\/2025\/08\/WhatsApp-Image-2025-08-08-at-6.43.15-PM-1024x576.jpeg\" alt=\"\" class=\"wp-image-239071\"\/><\/a><\/figure>\n\n\n\n<p>Denis remarc\u00f3 que \u201cjunto con los equipos interdisciplinarios\u201d dise\u00f1aron este curso que \u201cno es el primero porque ya el a\u00f1o pasado se ha dictado otro con much\u00edsimo \u00e9xito\u201d, por eso, \u201cmuchas personas lo esperaban\u201d hasta que finalmente se logr\u00f3 hacerlo para lo cual \u201cantes del comienzo de las vacaciones de julio lo lanzamos\u201d destacando el inter\u00e9s de la sociedad por involucrarse en este tem\u00e1tica.<\/p>\n\n\n\n<p>\u201cEsto es clave para lograr una sociedad inclusiva\u201d, asegur\u00f3 contundente en ese sentido la presidenta de FAS al brindar declaraciones que recogi\u00f3 la&nbsp;<strong>Agencia de Noticias Formosa (AGENFOR)<\/strong>, y manifest\u00f3 con \u00e9nfasis que \u201choy las personas con TEA realmente son parte de la sociedad\u201d.<\/p>\n\n\n\n<p>De all\u00ed que entonces sea fundamental \u201ccontar con las herramientas suficientes para saber c\u00f3mo actuar con ellas\u201d, instancia que forma parte \u201cde los fundamentos&nbsp; y objetivos de esta capacitaci\u00f3n, libre y gratuita\u201d, recalc\u00f3.<\/p>\n\n\n\n<p>Y a\u00f1adi\u00f3 que a esta capacitaci\u00f3n tambi\u00e9n se ha sumado el Ministerio de Cultura y Educaci\u00f3n \u201cporque a trav\u00e9s de las escuelas especiales se llegar\u00e1 a los docentes y profesores y a todos aquellos que tengan la formaci\u00f3n en el abordaje de personas con TEA\u201d.<\/p>\n\n\n\n<p>En otra parte de sus declaraciones, coment\u00f3 que desde el mismo momento que abrieron las inscripciones, \u201cse anotaron much\u00edsimas personas\u201d, por lo que alrededor de \u201cmil inscriptos\u201d tuvieron, lo cual denota el inter\u00e9s en ser parte de esta iniciativa, la cual Denis a\u00f1adi\u00f3 que es parte \u201cde un Gobierno provincial que tiene en su proyecto pol\u00edtico como columna vertebral a la inclusi\u00f3n\u201d.<\/p>\n\n\n\n<p>A su turno, la psicopedagoga Sof\u00eda Maciel, integrante de la Fundaci\u00f3n Rinc\u00f3n de Luz, quien en la apertura del evento tuvo oportunidad de disertar sobre la tem\u00e1tica, la cual se\u00f1al\u00f3, en l\u00edneas generales, est\u00e1 orientada \u201ca la construcci\u00f3n hist\u00f3ricamente del rol de acompa\u00f1ante terap\u00e9utico, cu\u00e1les son las intervenciones que \u00e9ste realiza en el proceso de inclusi\u00f3n en las escuelas, tambi\u00e9n sobre c\u00f3mo juega la din\u00e1mica familiar\u00bb, entre otros temas afines entre los que est\u00e1 por supuesto la discapacidad.<\/p>\n\n\n\n<p>En todo esto, subray\u00f3 especialmente &nbsp;que la educaci\u00f3n ocupa un \u201clugar muy importante porque es el espacio donde pasa m\u00e1s tiempo el ni\u00f1o o la persona\u201d, por ese motivo, \u201cse hizo mucho hincapi\u00e9 en todo lo que subyace dentro de la instituci\u00f3n escolar cuando aparece un ni\u00f1o con diagnostico TEA y debe ser contenido y asistido no solo por el acompa\u00f1ante terap\u00e9utico, sino por todos los actores escolares\u201d.<\/p>\n","protected":false},"excerpt":{"rendered":"<p>Con una destacada participaci\u00f3n producto del inter\u00e9s por la tem\u00e1tica, este viernes 8 se inici\u00f3<\/p>\n","protected":false},"author":8,"featured_media":68392,"comment_status":"closed","ping_status":"closed","sticky":false,"template":"","format":"standard","meta":{"footnotes":""},"categories":[1],"tags":[],"class_list":["post-68390","post","type-post","status-publish","format-standard","has-post-thumbnail","hentry","category-noticias"],"_links":{"self":[{"href":"https:\/\/24formosa.com.ar\/index.php?rest_route=\/wp\/v2\/posts\/68390","targetHints":{"allow":["GET"]}}],"collection":[{"href":"https:\/\/24formosa.com.ar\/index.php?rest_route=\/wp\/v2\/posts"}],"about":[{"href":"https:\/\/24formosa.com.ar\/index.php?rest_route=\/wp\/v2\/types\/post"}],"author":[{"embeddable":true,"href":"https:\/\/24formosa.com.ar\/index.php?rest_route=\/wp\/v2\/users\/8"}],"replies":[{"embeddable":true,"href":"https:\/\/24formosa.com.ar\/index.php?rest_route=%2Fwp%2Fv2%2Fcomments&post=68390"}],"version-history":[{"count":1,"href":"https:\/\/24formosa.com.ar\/index.php?rest_route=\/wp\/v2\/posts\/68390\/revisions"}],"predecessor-version":[{"id":68393,"href":"https:\/\/24formosa.com.ar\/index.php?rest_route=\/wp\/v2\/posts\/68390\/revisions\/68393"}],"wp:featuredmedia":[{"embeddable":true,"href":"https:\/\/24formosa.com.ar\/index.php?rest_route=\/wp\/v2\/media\/68392"}],"wp:attachment":[{"href":"https:\/\/24formosa.com.ar\/index.php?rest_route=%2Fwp%2Fv2%2Fmedia&parent=68390"}],"wp:term":[{"taxonomy":"category","embeddable":true,"href":"https:\/\/24formosa.com.ar\/index.php?rest_route=%2Fwp%2Fv2%2Fcategories&post=68390"},{"taxonomy":"post_tag","embeddable":true,"href":"https:\/\/24formosa.com.ar\/index.php?rest_route=%2Fwp%2Fv2%2Ftags&post=68390"}],"curies":[{"name":"wp","href":"https:\/\/api.w.org\/{rel}","templated":true}]}}