{"id":68386,"date":"2025-08-07T22:53:44","date_gmt":"2025-08-08T01:53:44","guid":{"rendered":"https:\/\/24formosa.com.ar\/?p=68386"},"modified":"2025-08-07T22:53:45","modified_gmt":"2025-08-08T01:53:45","slug":"formosa-reafirma-su-compromiso-con-las-personas-con-discapacidad-ante-el-veto-presidencial","status":"publish","type":"post","link":"https:\/\/24formosa.com.ar\/?p=68386","title":{"rendered":"Formosa reafirma su compromiso con las personas con discapacidad ante el veto presidencial"},"content":{"rendered":"\n<p><em>Frente a la decisi\u00f3n del Gobierno nacional de vetar la Ley de Emergencia en Discapacidad, desde el Ministerio de Desarrollo Humano de Formosa se sostiene con firmeza la pol\u00edtica de inclusi\u00f3n y acompa\u00f1amiento integral a personas con discapacidad en toda la provincia.<\/em><\/p>\n\n\n\n<p>Luego del veto presidencial al proyecto de Ley de Emergencia en Discapacidad, aprobado por amplia mayor\u00eda en ambas c\u00e1maras del Congreso de la Naci\u00f3n, el Ministerio de Desarrollo Humano de la provincia de Formosa, a trav\u00e9s de la Junta Evaluadora de Personas con Discapacidad y la Junta de Categorizaci\u00f3n de Prestadores, ratifica su compromiso en defensa de los derechos de las personas con discapacidad.<\/p>\n\n\n\n<p>La normativa vetada declaraba la emergencia en todo el territorio nacional hasta el 31 de diciembre de 2027, con el fin de garantizar un nivel adecuado de vida, salud, educaci\u00f3n, rehabilitaci\u00f3n, trabajo y protecci\u00f3n social para las personas con discapacidad. Tambi\u00e9n contemplaba la actualizaci\u00f3n de aranceles, regularizaci\u00f3n de pagos, mejoras en el sistema de pensiones no contributivas y el fortalecimiento de la Agencia Nacional de Discapacidad.<\/p>\n\n\n\n<figure class=\"wp-block-image\"><a href=\"https:\/\/agenfor.com.ar\/wp-content\/uploads\/2025\/08\/Formosa-reafirma-su-compromiso-con-las-personas-con-discapacidad-tras-el-veto-presidencial-2-scaled.jpeg\"><img decoding=\"async\" src=\"https:\/\/agenfor.com.ar\/wp-content\/uploads\/2025\/08\/Formosa-reafirma-su-compromiso-con-las-personas-con-discapacidad-tras-el-veto-presidencial-2-1024x768.jpeg\" alt=\"\" class=\"wp-image-238852\"\/><\/a><\/figure>\n\n\n\n<p>\u201cLa decisi\u00f3n del Gobierno nacional nos duele profundamente. Se trata de una medida que pone en riesgo derechos esenciales y la calidad de vida de miles de personas y familias en situaci\u00f3n de vulnerabilidad\u201d, expres\u00f3 la licenciada Lis Yanacon, directora de la Junta Evaluadora de Discapacidad de la provincia de Formosa.<\/p>\n\n\n\n<p>En ese marco, la funcionaria sostuvo que \u201cm\u00e1s que nunca, desde el Modelo Formose\u00f1o reforzamos la presencia del Estado en cada rinc\u00f3n de la provincia. La persona titular de derechos es el centro de nuestras pol\u00edticas p\u00fablicas\u201d.<\/p>\n\n\n\n<p>Desde mayo de 2024 hasta la fecha, la Junta Evaluadora ha emitido 3693 Certificados \u00danicos de Discapacidad (CUD) y dictado cuatro resoluciones de categorizaci\u00f3n de prestadores para instituciones que trabajan con personas con discapacidad, en articulaci\u00f3n con hospitales, centros de salud, escuelas especiales, municipios y organizaciones de la sociedad civil de toda la provincia.<\/p>\n\n\n\n<p>\u201cEl CUD es una herramienta fundamental para acceder a m\u00faltiples prestaciones y derechos. Su emisi\u00f3n, renovaci\u00f3n y promoci\u00f3n son parte de una pol\u00edtica inclusiva y federal que no puede detenerse. En Formosa, sostenemos con hechos lo que otros postergan con decretos\u201d, remarc\u00f3 Yanacon.<\/p>\n\n\n\n<p>Finalmente, destac\u00f3 que \u201cla discapacidad no puede ser mirada desde la l\u00f3gica del recorte o del ajuste. Se necesita sensibilidad, decisi\u00f3n pol\u00edtica y compromiso con una sociedad m\u00e1s justa e igualitaria\u201d.<\/p>\n","protected":false},"excerpt":{"rendered":"<p>Frente a la decisi\u00f3n del Gobierno nacional de vetar la Ley de Emergencia en Discapacidad,<\/p>\n","protected":false},"author":8,"featured_media":68387,"comment_status":"closed","ping_status":"closed","sticky":false,"template":"","format":"standard","meta":{"footnotes":""},"categories":[1],"tags":[],"class_list":["post-68386","post","type-post","status-publish","format-standard","has-post-thumbnail","hentry","category-noticias"],"_links":{"self":[{"href":"https:\/\/24formosa.com.ar\/index.php?rest_route=\/wp\/v2\/posts\/68386","targetHints":{"allow":["GET"]}}],"collection":[{"href":"https:\/\/24formosa.com.ar\/index.php?rest_route=\/wp\/v2\/posts"}],"about":[{"href":"https:\/\/24formosa.com.ar\/index.php?rest_route=\/wp\/v2\/types\/post"}],"author":[{"embeddable":true,"href":"https:\/\/24formosa.com.ar\/index.php?rest_route=\/wp\/v2\/users\/8"}],"replies":[{"embeddable":true,"href":"https:\/\/24formosa.com.ar\/index.php?rest_route=%2Fwp%2Fv2%2Fcomments&post=68386"}],"version-history":[{"count":1,"href":"https:\/\/24formosa.com.ar\/index.php?rest_route=\/wp\/v2\/posts\/68386\/revisions"}],"predecessor-version":[{"id":68388,"href":"https:\/\/24formosa.com.ar\/index.php?rest_route=\/wp\/v2\/posts\/68386\/revisions\/68388"}],"wp:featuredmedia":[{"embeddable":true,"href":"https:\/\/24formosa.com.ar\/index.php?rest_route=\/wp\/v2\/media\/68387"}],"wp:attachment":[{"href":"https:\/\/24formosa.com.ar\/index.php?rest_route=%2Fwp%2Fv2%2Fmedia&parent=68386"}],"wp:term":[{"taxonomy":"category","embeddable":true,"href":"https:\/\/24formosa.com.ar\/index.php?rest_route=%2Fwp%2Fv2%2Fcategories&post=68386"},{"taxonomy":"post_tag","embeddable":true,"href":"https:\/\/24formosa.com.ar\/index.php?rest_route=%2Fwp%2Fv2%2Ftags&post=68386"}],"curies":[{"name":"wp","href":"https:\/\/api.w.org\/{rel}","templated":true}]}}