{"id":68383,"date":"2025-08-07T22:51:32","date_gmt":"2025-08-08T01:51:32","guid":{"rendered":"https:\/\/24formosa.com.ar\/?p=68383"},"modified":"2025-08-07T22:51:33","modified_gmt":"2025-08-08T01:51:33","slug":"conexion-comercial-fortalece-el-vinculo-entre-emprendedores-y-empresas-en-formosa","status":"publish","type":"post","link":"https:\/\/24formosa.com.ar\/?p=68383","title":{"rendered":"Conexi\u00f3n Comercial fortalece el v\u00ednculo entre emprendedores y empresas en Formosa"},"content":{"rendered":"\n<p><em>La administradora del programa Conexi\u00f3n Comercial, Andrea Salm\u00f3n, de la Subsecretar\u00eda de Empleo, asegur\u00f3 que esta iniciativa se consolida como una herramienta clave para el desarrollo del ecosistema emprendedor de Formosa, destacando que gracias al compromiso del Gobierno de la provincia se pueden llevar adelante pol\u00edticas activas que fortalecen los v\u00ednculos entre el sector p\u00fablico y privado.<\/em><\/p>\n\n\n\n<p>\u201cConexi\u00f3n Comercial es mucho m\u00e1s que una ronda de negocios; es un espacio donde las ideas, los productos y los sue\u00f1os de nuestros emprendedores se conectan con empresas reales, generando oportunidades concretas de crecimiento\u201d, sostuvo Salm\u00f3n.<\/p>\n\n\n\n<p>Este programa tiene como principal objetivo vincular a emprendedores locales con empresarios de distintos rubros, promoviendo instancias de di\u00e1logo, contacto directo y potenciales alianzas estrat\u00e9gicas.<\/p>\n\n\n\n<figure class=\"wp-block-image\"><a href=\"https:\/\/agenfor.com.ar\/wp-content\/uploads\/2025\/08\/Conexion-Comercial-6.jpeg\"><img decoding=\"async\" src=\"https:\/\/agenfor.com.ar\/wp-content\/uploads\/2025\/08\/Conexion-Comercial-6-1024x682.jpeg\" alt=\"\" class=\"wp-image-238867\"\/><\/a><\/figure>\n\n\n\n<p>En su reciente edici\u00f3n, participaron 20 emprendedores y 12 empresas, logrando 19 acuerdos comerciales que reflejan el impacto positivo de la propuesta.<\/p>\n\n\n\n<p>\u201cDesde la Subsecretar\u00eda de Empleo acompa\u00f1amos cada proyecto porque creemos en el potencial de nuestra gente. Este tipo de pol\u00edticas p\u00fablicas demuestran que es posible generar valor local, empleo genuino y una red de colaboraci\u00f3n que beneficia a toda la comunidad\u201d<em>,<\/em>&nbsp;a\u00f1adi\u00f3.<\/p>\n\n\n\n<p><strong>\u00bfQu\u00e9 beneficios ofrece?<\/strong><\/p>\n\n\n\n<p>Para las empresas o comercios que se suman a Conexi\u00f3n Comercial, se abren posibilidades como:<\/p>\n\n\n\n<ul class=\"wp-block-list\">\n<li>Acceder a proveedores locales con alto potencial.<\/li>\n\n\n\n<li>Conocer productos o servicios innovadores.<\/li>\n\n\n\n<li>Establecer alianzas estrat\u00e9gicas que sumen valor a sus cadenas productivas.<\/li>\n\n\n\n<li>Posicionarse como empresas comprometidas con el desarrollo local.<\/li>\n<\/ul>\n\n\n\n<p>Por su parte, para quienes est\u00e1n emprendiendo, el programa representa una puerta de entrada al mundo comercial formal, brindando herramientas de visibilidad, capacitaci\u00f3n y contacto con potenciales clientes o aliados.<\/p>\n\n\n\n<figure class=\"wp-block-image\"><a href=\"https:\/\/agenfor.com.ar\/wp-content\/uploads\/2025\/08\/Conexion-Comercial-3.jpeg\"><img decoding=\"async\" src=\"https:\/\/agenfor.com.ar\/wp-content\/uploads\/2025\/08\/Conexion-Comercial-3-1024x682.jpeg\" alt=\"\" class=\"wp-image-238864\"\/><\/a><\/figure>\n\n\n\n<p><strong>\u00bfD\u00f3nde informarse?<\/strong><\/p>\n\n\n\n<p>Las personas interesadas en formar parte de pr\u00f3ximas rondas pueden acercarse a la Casa del Emprende<em>dor<\/em>, ubicada en Maip\u00fa N\u00b0 45, o seguir las redes oficiales de la Subsecretar\u00eda de Empleo para enterarse de las nuevas convocatorias.<\/p>\n\n\n\n<p>\u201cInvitamos a todos los emprendedores y empresas a sumarse a esta propuesta. Conexi\u00f3n Comercial es una oportunidad concreta de crecer juntos y de seguir apostando por el desarrollo de Formosa\u201d, concluy\u00f3 Salm\u00f3n.<\/p>\n","protected":false},"excerpt":{"rendered":"<p>La administradora del programa Conexi\u00f3n Comercial, Andrea Salm\u00f3n, de la Subsecretar\u00eda de Empleo, asegur\u00f3 que<\/p>\n","protected":false},"author":8,"featured_media":68384,"comment_status":"closed","ping_status":"closed","sticky":false,"template":"","format":"standard","meta":{"footnotes":""},"categories":[1],"tags":[],"class_list":["post-68383","post","type-post","status-publish","format-standard","has-post-thumbnail","hentry","category-noticias"],"_links":{"self":[{"href":"https:\/\/24formosa.com.ar\/index.php?rest_route=\/wp\/v2\/posts\/68383","targetHints":{"allow":["GET"]}}],"collection":[{"href":"https:\/\/24formosa.com.ar\/index.php?rest_route=\/wp\/v2\/posts"}],"about":[{"href":"https:\/\/24formosa.com.ar\/index.php?rest_route=\/wp\/v2\/types\/post"}],"author":[{"embeddable":true,"href":"https:\/\/24formosa.com.ar\/index.php?rest_route=\/wp\/v2\/users\/8"}],"replies":[{"embeddable":true,"href":"https:\/\/24formosa.com.ar\/index.php?rest_route=%2Fwp%2Fv2%2Fcomments&post=68383"}],"version-history":[{"count":1,"href":"https:\/\/24formosa.com.ar\/index.php?rest_route=\/wp\/v2\/posts\/68383\/revisions"}],"predecessor-version":[{"id":68385,"href":"https:\/\/24formosa.com.ar\/index.php?rest_route=\/wp\/v2\/posts\/68383\/revisions\/68385"}],"wp:featuredmedia":[{"embeddable":true,"href":"https:\/\/24formosa.com.ar\/index.php?rest_route=\/wp\/v2\/media\/68384"}],"wp:attachment":[{"href":"https:\/\/24formosa.com.ar\/index.php?rest_route=%2Fwp%2Fv2%2Fmedia&parent=68383"}],"wp:term":[{"taxonomy":"category","embeddable":true,"href":"https:\/\/24formosa.com.ar\/index.php?rest_route=%2Fwp%2Fv2%2Fcategories&post=68383"},{"taxonomy":"post_tag","embeddable":true,"href":"https:\/\/24formosa.com.ar\/index.php?rest_route=%2Fwp%2Fv2%2Ftags&post=68383"}],"curies":[{"name":"wp","href":"https:\/\/api.w.org\/{rel}","templated":true}]}}