{"id":68374,"date":"2025-08-07T22:41:51","date_gmt":"2025-08-08T01:41:51","guid":{"rendered":"https:\/\/24formosa.com.ar\/?p=68374"},"modified":"2025-08-07T22:41:52","modified_gmt":"2025-08-08T01:41:52","slug":"concluyo-la-semana-mundial-de-la-lactancia-materna-en-el-hospital-de-la-madre-y-la-mujer","status":"publish","type":"post","link":"https:\/\/24formosa.com.ar\/?p=68374","title":{"rendered":"Concluy\u00f3 la Semana Mundial de la Lactancia Materna en el Hospital de la Madre y la Mujer"},"content":{"rendered":"\n<p><em>Con una jornada en la que se dio informaci\u00f3n, se compartieron saberes y experiencias, y se hizo hincapi\u00e9 en la importancia de apoyar y acompa\u00f1ar a las madres que amamantan desde todos los sectores de la comunidad, a fin de sostener la crianza de las ni\u00f1as y ni\u00f1os en base a la leche materna.<\/em><\/p>\n\n\n\n<p>El Hospital de la Madre y la Mujer dio cierre a la Semana Mundial de la Lactancia Materna con una charla-taller, llevada adelante en la ma\u00f1ana de este jueves 7 de agosto.<\/p>\n\n\n\n<p>La actividad cont\u00f3 con la presencia de la subsecretaria de Gesti\u00f3n de Establecimientos Asistenciales de Complejidad Integrada, la doctora Eugenia Ruiz, quien se encuentra a cargo de la direcci\u00f3n de ese nosocomio; el subsecretario de Medicina Sanitaria, el doctor Manuel C\u00e1ceres; jefes de servicios y responsables de las distintas \u00e1reas del hospital.<\/p>\n\n\n\n<p>Fue dirigida a las madres y padres que concurrieron para la atenci\u00f3n a los distintos consultorios. \u201cSe destacaron, sobre todo, los numerosos beneficios que tiene la lactancia materna y se desmitificaron las creencias que est\u00e1n en contra de esta forma de alimentaci\u00f3n tan fundamental para la buena salud de los beb\u00e9s, como tambi\u00e9n de las madres\u201d, coment\u00f3 la doctora Ruiz respecto al desarrollo.<\/p>\n\n\n\n<p>\u201cUna jornada muy amena, interactiva y participativa, ya que las madres y padres hicieron muchas preguntas que fueron oportunamente respondidas por los profesionales de salud. Y al finalizar, se comparti\u00f3 entre todos, un rico desayuno\u201d, se\u00f1al\u00f3.<\/p>\n\n\n\n<p>Record\u00f3 que este a\u00f1o, el lema de esta semana que tuvo lugar desde el 1\u00b0 hasta el 7 de agosto fue&nbsp;<em>\u201cPrioricemos la lactancia materna: construyendo sistemas de apoyo sostenibles\u201d,<\/em>&nbsp;y como hospital nuevo, que est\u00e1 en crecimiento \u201cqueremos que el equipo de salud sea un pilar para visibilizar la importancia que tiene la lactancia materna y para brindar, a las madres toda la informaci\u00f3n necesaria para que puedan amamantar a sus hijos\u201d.<\/p>\n\n\n\n<figure class=\"wp-block-image\"><a href=\"https:\/\/agenfor.com.ar\/wp-content\/uploads\/2025\/08\/Concluyo-la-Semana-Mundial-de-la-Lactancia-Materna-en-el-Hospital-de-la-Madre-y-la-Mujer-7.jpg\"><img decoding=\"async\" src=\"https:\/\/agenfor.com.ar\/wp-content\/uploads\/2025\/08\/Concluyo-la-Semana-Mundial-de-la-Lactancia-Materna-en-el-Hospital-de-la-Madre-y-la-Mujer-7-1024x576.jpg\" alt=\"\" class=\"wp-image-238927\"\/><\/a><\/figure>\n\n\n\n<p>Por su parte, la referente del Consultorio de Mediano y Alto Riesgo Neonatal, la doctora Maril\u00fa Ben\u00edtez, indic\u00f3 que la jornada fue organizada, de forma conjunta, por los equipos de los distintos servicios y consultorios de pediatr\u00eda del hospital.<\/p>\n\n\n\n<p>Dijo que es fundamental \u201cque todos nos sumemos y apoyemos la lactancia materna para ir dejando de lado la alimentaci\u00f3n por leche de f\u00f3rmula y que, entre todos, podamos construir un futuro m\u00e1s saludable para nuestras ni\u00f1as y ni\u00f1os\u201d.<\/p>\n\n\n\n<p>\u201cPara que la lactancia materna pueda llevarse adelante debemos tener un sistema de salud que sea accesible, con profesionales capacitados y familias que est\u00e9n informadas\u201d, enfatiz\u00f3.<\/p>\n\n\n\n<p>\u201cEn la provincia de Formosa, los equipos de salud trabajamos para alcanzar ese objetivo. Por eso, para cerrar la Semana Mundial de la Lactancia Materna, consideramos oportuno realizar este taller, para concientizar a la comunidad sobre la necesidad de acompa\u00f1ar a las madres para que puedan amamantar y a la vez, para formar redes de contenci\u00f3n, acompa\u00f1amiento y apoyo a la lactancia, que abarcan a las familias, las instituciones y a toda la sociedad\u201d, remarc\u00f3.<\/p>\n","protected":false},"excerpt":{"rendered":"<p>Con una jornada en la que se dio informaci\u00f3n, se compartieron saberes y experiencias, y<\/p>\n","protected":false},"author":8,"featured_media":68375,"comment_status":"closed","ping_status":"closed","sticky":false,"template":"","format":"standard","meta":{"footnotes":""},"categories":[1],"tags":[],"class_list":["post-68374","post","type-post","status-publish","format-standard","has-post-thumbnail","hentry","category-noticias"],"_links":{"self":[{"href":"https:\/\/24formosa.com.ar\/index.php?rest_route=\/wp\/v2\/posts\/68374","targetHints":{"allow":["GET"]}}],"collection":[{"href":"https:\/\/24formosa.com.ar\/index.php?rest_route=\/wp\/v2\/posts"}],"about":[{"href":"https:\/\/24formosa.com.ar\/index.php?rest_route=\/wp\/v2\/types\/post"}],"author":[{"embeddable":true,"href":"https:\/\/24formosa.com.ar\/index.php?rest_route=\/wp\/v2\/users\/8"}],"replies":[{"embeddable":true,"href":"https:\/\/24formosa.com.ar\/index.php?rest_route=%2Fwp%2Fv2%2Fcomments&post=68374"}],"version-history":[{"count":1,"href":"https:\/\/24formosa.com.ar\/index.php?rest_route=\/wp\/v2\/posts\/68374\/revisions"}],"predecessor-version":[{"id":68376,"href":"https:\/\/24formosa.com.ar\/index.php?rest_route=\/wp\/v2\/posts\/68374\/revisions\/68376"}],"wp:featuredmedia":[{"embeddable":true,"href":"https:\/\/24formosa.com.ar\/index.php?rest_route=\/wp\/v2\/media\/68375"}],"wp:attachment":[{"href":"https:\/\/24formosa.com.ar\/index.php?rest_route=%2Fwp%2Fv2%2Fmedia&parent=68374"}],"wp:term":[{"taxonomy":"category","embeddable":true,"href":"https:\/\/24formosa.com.ar\/index.php?rest_route=%2Fwp%2Fv2%2Fcategories&post=68374"},{"taxonomy":"post_tag","embeddable":true,"href":"https:\/\/24formosa.com.ar\/index.php?rest_route=%2Fwp%2Fv2%2Ftags&post=68374"}],"curies":[{"name":"wp","href":"https:\/\/api.w.org\/{rel}","templated":true}]}}