{"id":68371,"date":"2025-08-07T22:39:10","date_gmt":"2025-08-08T01:39:10","guid":{"rendered":"https:\/\/24formosa.com.ar\/?p=68371"},"modified":"2025-08-07T22:39:11","modified_gmt":"2025-08-08T01:39:11","slug":"dia-de-las-infancias-el-gobierno-de-formosa-entregara-mas-de-200-mil-juguetes-este-domingo-10","status":"publish","type":"post","link":"https:\/\/24formosa.com.ar\/?p=68371","title":{"rendered":"D\u00eda de las Infancias: El Gobierno de Formosa entregar\u00e1 m\u00e1s de 200 mil juguetes este domingo 10"},"content":{"rendered":"\n<p>En el marco de los festejos por el D\u00eda de las Infancias, el Gobierno de la provincia de Formosa realizar\u00e1 la tradicional entrega de juguetes a todos los estudiantes del Nivel Inicial y Primario y modalidades del sistema educativo provincial, este domingo 10 de agosto. Tambi\u00e9n llegar\u00e1 a Centros de Desarrollo Infantil (CDI) y escuelas hospitalarias.<\/p>\n\n\n\n<p>Esta acci\u00f3n se llevar\u00e1 a cabo de manera simult\u00e1nea en todo el territorio provincial, a partir de las 9 horas en las unidades escolares.<\/p>\n\n\n\n<figure class=\"wp-block-image\"><a href=\"https:\/\/agenfor.com.ar\/wp-content\/uploads\/2025\/08\/WhatsApp-Image-2025-08-07-at-8.33.26-PM.jpeg\"><img decoding=\"async\" src=\"https:\/\/agenfor.com.ar\/wp-content\/uploads\/2025\/08\/WhatsApp-Image-2025-08-07-at-8.33.26-PM.jpeg\" alt=\"\" class=\"wp-image-238936\"\/><\/a><figcaption class=\"wp-element-caption\">Subsecretario de Educaci\u00f3n, profesor Luis Ram\u00edrez M\u00e9ndez<\/figcaption><\/figure>\n\n\n\n<p>Al respecto, el subsecretario de Educaci\u00f3n, profesor Luis Ram\u00edrez M\u00e9ndez, se\u00f1al\u00f3 que \u201ccomo ya nos tiene acostumbrado nuestro gobernador, Gildo Insfr\u00e1n, este domingo 10 a partir de las 9 de la ma\u00f1ana, en simult\u00e1neo en toda la provincia, se van a repartir los juguetes a nuestros ni\u00f1os\u201d.<\/p>\n\n\n\n<p>De esta manera, asegur\u00f3 que \u201ces un esfuerzo que el Gobierno de Formosa siempre hace con recursos provinciales\u201d, destacando que \u201cesto es posible porque tenemos una econom\u00eda ordenada\u201d.<\/p>\n\n\n\n<p>En este sentido, subray\u00f3 que \u201cse entregar\u00e1n m\u00e1s de 200 mil juguetes que ya se han distribuido a las 18 delegaciones zonales del interior y capital\u201d y mencion\u00f3 que \u201cellos a su vez hacen llegar a sus escuelas\u201d.<\/p>\n\n\n\n<p>Asimismo, remarc\u00f3 que \u201clos juguetes van a tener no solamente las escuelas p\u00fablicas, sino tambi\u00e9n las escuelas p\u00fablicas de gesti\u00f3n privada y las privadas\u201d, porque, reiter\u00f3 \u201cno hay diferencia\u201d.<\/p>\n\n\n\n<p>Ram\u00edrez M\u00e9ndez consider\u00f3 que \u201cestamos atravesando una situaci\u00f3n econ\u00f3mica complicada a nivel nacional y por eso creo que a muchos comprovincianos se les hace dif\u00edcil comprar un juguete para sus hijos\u201d y por eso, valor\u00f3 que \u201cfrente a esto el Modelo Formose\u00f1o lo hace posible\u201d.<\/p>\n\n\n\n<p>Y expres\u00f3 que \u201cestamos muy contentos por este modelo de provincia, que es muy envidiado por todas las provincias\u201d.<\/p>\n\n\n\n<p>Al concluir agradeci\u00f3 el \u201ccompromiso y responsabilidad de los docentes, que van a estar desde horas muy tempranas, esperando a los chicos con chocolate y pan de leche o factura\u201d.&nbsp;<\/p>\n","protected":false},"excerpt":{"rendered":"<p>En el marco de los festejos por el D\u00eda de las Infancias, el Gobierno de<\/p>\n","protected":false},"author":8,"featured_media":68372,"comment_status":"closed","ping_status":"closed","sticky":false,"template":"","format":"standard","meta":{"footnotes":""},"categories":[1],"tags":[],"class_list":["post-68371","post","type-post","status-publish","format-standard","has-post-thumbnail","hentry","category-noticias"],"_links":{"self":[{"href":"https:\/\/24formosa.com.ar\/index.php?rest_route=\/wp\/v2\/posts\/68371","targetHints":{"allow":["GET"]}}],"collection":[{"href":"https:\/\/24formosa.com.ar\/index.php?rest_route=\/wp\/v2\/posts"}],"about":[{"href":"https:\/\/24formosa.com.ar\/index.php?rest_route=\/wp\/v2\/types\/post"}],"author":[{"embeddable":true,"href":"https:\/\/24formosa.com.ar\/index.php?rest_route=\/wp\/v2\/users\/8"}],"replies":[{"embeddable":true,"href":"https:\/\/24formosa.com.ar\/index.php?rest_route=%2Fwp%2Fv2%2Fcomments&post=68371"}],"version-history":[{"count":1,"href":"https:\/\/24formosa.com.ar\/index.php?rest_route=\/wp\/v2\/posts\/68371\/revisions"}],"predecessor-version":[{"id":68373,"href":"https:\/\/24formosa.com.ar\/index.php?rest_route=\/wp\/v2\/posts\/68371\/revisions\/68373"}],"wp:featuredmedia":[{"embeddable":true,"href":"https:\/\/24formosa.com.ar\/index.php?rest_route=\/wp\/v2\/media\/68372"}],"wp:attachment":[{"href":"https:\/\/24formosa.com.ar\/index.php?rest_route=%2Fwp%2Fv2%2Fmedia&parent=68371"}],"wp:term":[{"taxonomy":"category","embeddable":true,"href":"https:\/\/24formosa.com.ar\/index.php?rest_route=%2Fwp%2Fv2%2Fcategories&post=68371"},{"taxonomy":"post_tag","embeddable":true,"href":"https:\/\/24formosa.com.ar\/index.php?rest_route=%2Fwp%2Fv2%2Ftags&post=68371"}],"curies":[{"name":"wp","href":"https:\/\/api.w.org\/{rel}","templated":true}]}}