{"id":68368,"date":"2025-08-07T22:36:22","date_gmt":"2025-08-08T01:36:22","guid":{"rendered":"https:\/\/24formosa.com.ar\/?p=68368"},"modified":"2025-08-07T22:36:23","modified_gmt":"2025-08-08T01:36:23","slug":"habilitaron-el-espacio-amigo-de-la-lactancia-en-el-hospital-de-la-madre-y-la-mujer","status":"publish","type":"post","link":"https:\/\/24formosa.com.ar\/?p=68368","title":{"rendered":"Habilitaron el \u00abEspacio Amigo de la Lactancia\u00bb en el Hospital de la Madre y la Mujer"},"content":{"rendered":"\n<p><em>Un lugar especialmente acondicionado y equipado para que las madres puedan amamantar de manera segura, confortable y tranquila durante el tiempo necesario. Y donde tendr\u00e1n, adem\u00e1s, el acompa\u00f1amiento y asesoramiento de los profesionales.<\/em><\/p>\n\n\n\n<p>El Gobierno de la provincia de Formosa, a trav\u00e9s del Ministerio de Desarrollo Humano, dej\u00f3 habilitado en la tarde de este jueves 7 de agosto, el \u201cEspacio Amigo de la Lactancia\u201d en el nuevo Hospital de la Madre y la Mujer.<\/p>\n\n\n\n<p>Organizado por la Subsecretar\u00eda de Medicina Sanitaria, la Subsecretar\u00eda de Gesti\u00f3n de Establecimientos Asistenciales de Complejidad Integrada, la Direcci\u00f3n de Maternidad e Infancia y el Programa Provincial de Nutrici\u00f3n, est\u00e1 destinado a las madres lactantes que trabajan all\u00ed y a las que est\u00e9n en el hospital asistiendo a alguno de los servicios o realizando otra actividad.<\/p>\n\n\n\n<p>\u201cEstamos muy contentos y orgullosos de dejar habilitado este nuevo espacio, pensado y construido con mucho amor, porque la lactancia materna es eso: un momento de amor \u00fanico entre el ni\u00f1o y la mam\u00e1\u201d, expuso el subsecretario de Medicina Sanitaria, el doctor Manuel C\u00e1ceres.<\/p>\n\n\n\n<figure class=\"wp-block-image\"><a href=\"https:\/\/agenfor.com.ar\/wp-content\/uploads\/2025\/08\/Habilitaron-el-Espacio-Amigo-de-la-Lactancia-en-el-Hospital-de-la-Madre-y-la-Mujer-4.jpg\"><img decoding=\"async\" src=\"https:\/\/agenfor.com.ar\/wp-content\/uploads\/2025\/08\/Habilitaron-el-Espacio-Amigo-de-la-Lactancia-en-el-Hospital-de-la-Madre-y-la-Mujer-4-1024x576.jpg\" alt=\"\" class=\"wp-image-238948\"\/><\/a><\/figure>\n\n\n\n<p>Est\u00e1 ubicado en el sector de consultorios, con sillones adecuados para amamantar. Tambi\u00e9n cuenta con una heladera para conservar la leche extra\u00edda, cambiadores y toda la informaci\u00f3n necesaria \u201cpara que las madres puedan llevar a cabo una la lactancia tranquila y segura, adem\u00e1s, sostenible en el tiempo\u201d, afirm\u00f3.<\/p>\n\n\n\n<p>All\u00ed, las madres que se encuentren trabajando en el hospital podr\u00e1n extraerse la leche con sacaleches, conservarla adecuadamente mientras est\u00e1n en su horario de trabajo y, posteriormente, llevarla a su domicilio para que su beb\u00e9 siga recibiendo este alimento primordial.<\/p>\n\n\n\n<p>Pero tambi\u00e9n podr\u00e1n hacer uso \u201ctodas las madres que est\u00e1n en etapa de lactancia que pasen por el hospital y necesiten dar el pecho a su beb\u00e9 en un lugar c\u00e1lido, confortable y ambientado para tal fin\u201d, detall\u00f3.<\/p>\n\n\n\n<p>El funcionario record\u00f3, que la creaci\u00f3n de espacios amigos de la lactancia, \u201cconstituyen un apoyo que beneficia a las madres, a los beb\u00e9s y a la sociedad en general\u201d.<\/p>\n\n\n\n<p>Y entre sus ventajas mencion\u00f3, que garantiza higiene y seguridad \u201cya que est\u00e1n dise\u00f1ados con las condiciones adecuadas para la extracci\u00f3n y conservaci\u00f3n de leche humana\u201d.<\/p>\n\n\n\n<p>Adem\u00e1s, aumenta la productividad laboral \u201creduciendo el ausentismo de las madres que est\u00e1n en esta etapa y favoreciendo a que la lactancia pueda sostenerse a trav\u00e9s del tiempo, gracias al apoyo y al valor que se le brinda\u201d, resalt\u00f3.<\/p>\n\n\n\n<p>Su existencia es fundamental para que la pr\u00e1ctica de la alimentaci\u00f3n de los beb\u00e9s a trav\u00e9s de la leche materna \u201csea una opci\u00f3n viable y sostenible para todas las familias\u201d y para seguir promoviendo su exclusividad, sin ning\u00fan otro alimento, durante los primeros seis meses de vida de la ni\u00f1a o ni\u00f1o y que pueda prolongarse hasta los dos a\u00f1os junto a la alimentaci\u00f3n complementaria indicada por el pediatra, insisti\u00f3.<\/p>\n\n\n\n<p>En ese sentido, agradeci\u00f3 al ministro de Desarrollo Humano, el doctor An\u00edbal G\u00f3mez y a todos los que hicieron posible \u201cla creaci\u00f3n y concreci\u00f3n de este proyecto que es mucho m\u00e1s que un simple espacio, sino que es un lugar de respeto, de privacidad y de comodidad para las madres y sus hijos\u201d.<\/p>\n\n\n\n<p>\u201cAqu\u00ed, van a encontrar, sobre todo, un sitio tranquilo para alimentar a sus beb\u00e9s, donde se protege el derecho de las madres a amamantar y donde podr\u00e1n recibir consejer\u00eda sobre lactancia ya que todos los profesionales est\u00e1n capacitados para hacerlo\u201d, inform\u00f3 para cerrar.<\/p>\n","protected":false},"excerpt":{"rendered":"<p>Un lugar especialmente acondicionado y equipado para que las madres puedan amamantar de manera segura,<\/p>\n","protected":false},"author":8,"featured_media":68369,"comment_status":"closed","ping_status":"closed","sticky":false,"template":"","format":"standard","meta":{"footnotes":""},"categories":[1],"tags":[],"class_list":["post-68368","post","type-post","status-publish","format-standard","has-post-thumbnail","hentry","category-noticias"],"_links":{"self":[{"href":"https:\/\/24formosa.com.ar\/index.php?rest_route=\/wp\/v2\/posts\/68368","targetHints":{"allow":["GET"]}}],"collection":[{"href":"https:\/\/24formosa.com.ar\/index.php?rest_route=\/wp\/v2\/posts"}],"about":[{"href":"https:\/\/24formosa.com.ar\/index.php?rest_route=\/wp\/v2\/types\/post"}],"author":[{"embeddable":true,"href":"https:\/\/24formosa.com.ar\/index.php?rest_route=\/wp\/v2\/users\/8"}],"replies":[{"embeddable":true,"href":"https:\/\/24formosa.com.ar\/index.php?rest_route=%2Fwp%2Fv2%2Fcomments&post=68368"}],"version-history":[{"count":1,"href":"https:\/\/24formosa.com.ar\/index.php?rest_route=\/wp\/v2\/posts\/68368\/revisions"}],"predecessor-version":[{"id":68370,"href":"https:\/\/24formosa.com.ar\/index.php?rest_route=\/wp\/v2\/posts\/68368\/revisions\/68370"}],"wp:featuredmedia":[{"embeddable":true,"href":"https:\/\/24formosa.com.ar\/index.php?rest_route=\/wp\/v2\/media\/68369"}],"wp:attachment":[{"href":"https:\/\/24formosa.com.ar\/index.php?rest_route=%2Fwp%2Fv2%2Fmedia&parent=68368"}],"wp:term":[{"taxonomy":"category","embeddable":true,"href":"https:\/\/24formosa.com.ar\/index.php?rest_route=%2Fwp%2Fv2%2Fcategories&post=68368"},{"taxonomy":"post_tag","embeddable":true,"href":"https:\/\/24formosa.com.ar\/index.php?rest_route=%2Fwp%2Fv2%2Ftags&post=68368"}],"curies":[{"name":"wp","href":"https:\/\/api.w.org\/{rel}","templated":true}]}}