{"id":68365,"date":"2025-08-07T22:34:33","date_gmt":"2025-08-08T01:34:33","guid":{"rendered":"https:\/\/24formosa.com.ar\/?p=68365"},"modified":"2025-08-07T22:34:36","modified_gmt":"2025-08-08T01:34:36","slug":"elecciones-de-octubre-la-epep-n-66-sera-la-base-operativa-del-federal-2","status":"publish","type":"post","link":"https:\/\/24formosa.com.ar\/?p=68365","title":{"rendered":"Elecciones de octubre: La EPEP N\u00b0 66 ser\u00e1 la base operativa del Federal"},"content":{"rendered":"\n<p><em>El Sal\u00f3n de Usos M\u00faltiples de la Escuela de Educaci\u00f3n Primaria N\u00b0 66 funcionar\u00e1 en las elecciones del 26 de octubre como base operativa del juzgado federal con competencia electoral, como viene sucediendo en los \u00faltimos actos eleccionarios.<\/em><\/p>\n\n\n\n<p>En este contexto, en el inicio de la semana, el ministro de Cultura y Educaci\u00f3n, Julio Ar\u00e1oz, entreg\u00f3 al juez federal con competencia electoral en Formosa, Pablo Mor\u00e1n, las llaves del recinto.<\/p>\n\n\n\n<p>Estuvieron presentes tambi\u00e9n en este acto p\u00fablico el presidente del Tribunal Electoral Permanente, Claudio Daniel Moreno, y las juezas Sandra Moreno y Ver\u00f3nica Gabriela Hans de Dorrego.<\/p>\n\n\n\n<p>\u201cEl Tribunal Electoral Permanente nos ha hecho la devoluci\u00f3n de estas instalaciones simb\u00f3licamente a trav\u00e9s de las llaves, aqu\u00ed en la Escuela 66, y de inmediato se la hemos entregado al juez federal, que es el responsable para el pr\u00f3ximo acto eleccionario\u201d, explic\u00f3 el ministro Ar\u00e1oz a la&nbsp;<strong><em>Agencia de Noticias Formosa (AGENFOR).<\/em><\/strong><\/p>\n\n\n\n<figure class=\"wp-block-image\"><a href=\"https:\/\/agenfor.com.ar\/wp-content\/uploads\/2025\/08\/01b47976-1dd9-4cf7-9cda-a574d19093b9.jpeg\"><img decoding=\"async\" src=\"https:\/\/agenfor.com.ar\/wp-content\/uploads\/2025\/08\/01b47976-1dd9-4cf7-9cda-a574d19093b9.jpeg\" alt=\"\" class=\"wp-image-238665\"\/><\/a><figcaption class=\"wp-element-caption\">Juez Pablo Mor\u00e1n<\/figcaption><\/figure>\n\n\n\n<p>Detall\u00f3 que el Poder Ejecutivo Provincial se encuentra comprometido en que el acto democr\u00e1tico se lleve adelante con normalidad, y se realizaron las inversiones necesarias para dotar al edificio de las comodidades para el trabajo, tanto en mobiliario, como tambi\u00e9n en conexi\u00f3n de Internet.<\/p>\n\n\n\n<p>Mor\u00e1n por su parte destac\u00f3 que la escuela se encuentra perfectamente acondicionada para la tarea electoral, espec\u00edficamente para las elecciones de medio t\u00e9rmino del 26 de octubre, dotada incluso de aire acondicionado para afrontar las temperaturas elevadas que se registran ya en esa \u00e9poca del a\u00f1o.<\/p>\n\n\n\n<p>\u201cLo que pas\u00f3 fue que el TEP le devolvi\u00f3 la Escuela 66 a la comunidad educativa, representada en este acto por el ingeniero Ar\u00e1oz, ministro de Educaci\u00f3n, quien estuvo acompa\u00f1ado por el coordinador de delegados zonales, la delegada zonal y, por supuesto, la directora de la Escuela 66. El Tribunal les devuelve la llave, se verifica que la escuela se devuelve en muy buenas condiciones. El ingeniero la recibe y acto seguido me la entrega a m\u00ed\u201d, detall\u00f3 el juez federal.<\/p>\n\n\n\n<p>Record\u00f3 que el SUM de la escuela ser\u00e1 a partir del jueves 7 sede de la recepci\u00f3n de material remitido por la Direcci\u00f3n Nacional Electoral, para preparar las elecciones de octubre.<\/p>\n\n\n\n<p>Inform\u00f3 el magistrado que se elegir\u00e1n dos diputados nacionales. \u201cNo es una tarea sencilla, sino que requiere mucha log\u00edstica y muchas cuestiones que permitan a la trazabilidad y a la legalidad de las urnas, de los votos la parte de c\u00f3mputos\u201d, indic\u00f3.<\/p>\n\n\n\n<p>Sobre el traspaso de llaves, resumi\u00f3 que \u201ctiene una representaci\u00f3n simb\u00f3lica muy importante, que es la colaboraci\u00f3n interinstitucional entre el TEP de la provincia, el Gobierno de la provincia de Formosa a trav\u00e9s de su Ministerio de Educaci\u00f3n y en este caso la Justicia Federal con competencia electoral representada por m\u00ed en este distrito\u201d.<\/p>\n\n\n\n<p><strong>Calendario electoral<\/strong><\/p>\n\n\n\n<p>En cuanto al calendario electoral, indic\u00f3 el juez que el 7 de agosto es la fecha l\u00edmite para cerrar alianzas. \u201cEse d\u00eda vamos a saber cu\u00e1ntas alianzas se presentan ac\u00e1 en la provincia de Formosa o partidos que van solos\u201d, precis\u00f3.<\/p>\n\n\n\n<p>Luego, el 12 de agosto se asignar\u00e1n los colores para las alianzas y el 17 de este mes se conocer\u00e1n quienes son los candidatos que presentar\u00e1n las alianzas para diputado nacional por la provincia.<\/p>\n","protected":false},"excerpt":{"rendered":"<p>El Sal\u00f3n de Usos M\u00faltiples de la Escuela de Educaci\u00f3n Primaria N\u00b0 66 funcionar\u00e1 en<\/p>\n","protected":false},"author":8,"featured_media":68366,"comment_status":"closed","ping_status":"closed","sticky":false,"template":"","format":"standard","meta":{"footnotes":""},"categories":[1],"tags":[],"class_list":["post-68365","post","type-post","status-publish","format-standard","has-post-thumbnail","hentry","category-noticias"],"_links":{"self":[{"href":"https:\/\/24formosa.com.ar\/index.php?rest_route=\/wp\/v2\/posts\/68365","targetHints":{"allow":["GET"]}}],"collection":[{"href":"https:\/\/24formosa.com.ar\/index.php?rest_route=\/wp\/v2\/posts"}],"about":[{"href":"https:\/\/24formosa.com.ar\/index.php?rest_route=\/wp\/v2\/types\/post"}],"author":[{"embeddable":true,"href":"https:\/\/24formosa.com.ar\/index.php?rest_route=\/wp\/v2\/users\/8"}],"replies":[{"embeddable":true,"href":"https:\/\/24formosa.com.ar\/index.php?rest_route=%2Fwp%2Fv2%2Fcomments&post=68365"}],"version-history":[{"count":1,"href":"https:\/\/24formosa.com.ar\/index.php?rest_route=\/wp\/v2\/posts\/68365\/revisions"}],"predecessor-version":[{"id":68367,"href":"https:\/\/24formosa.com.ar\/index.php?rest_route=\/wp\/v2\/posts\/68365\/revisions\/68367"}],"wp:featuredmedia":[{"embeddable":true,"href":"https:\/\/24formosa.com.ar\/index.php?rest_route=\/wp\/v2\/media\/68366"}],"wp:attachment":[{"href":"https:\/\/24formosa.com.ar\/index.php?rest_route=%2Fwp%2Fv2%2Fmedia&parent=68365"}],"wp:term":[{"taxonomy":"category","embeddable":true,"href":"https:\/\/24formosa.com.ar\/index.php?rest_route=%2Fwp%2Fv2%2Fcategories&post=68365"},{"taxonomy":"post_tag","embeddable":true,"href":"https:\/\/24formosa.com.ar\/index.php?rest_route=%2Fwp%2Fv2%2Ftags&post=68365"}],"curies":[{"name":"wp","href":"https:\/\/api.w.org\/{rel}","templated":true}]}}