{"id":68351,"date":"2025-08-06T22:57:02","date_gmt":"2025-08-07T01:57:02","guid":{"rendered":"https:\/\/24formosa.com.ar\/?p=68351"},"modified":"2025-08-06T22:57:03","modified_gmt":"2025-08-07T01:57:03","slug":"el-comando-superior-entrego-moviles-policiales-a-las-distintas-unidades-regionales-del-interior","status":"publish","type":"post","link":"https:\/\/24formosa.com.ar\/?p=68351","title":{"rendered":"El Comando Superior entreg\u00f3 m\u00f3viles policiales a las distintas Unidades Regionales del interior"},"content":{"rendered":"\n<p><em>Fue gracias al compromiso asumido por el Gobierno provincial, que otorg\u00f3 a la Polic\u00eda equipamientos de \u00faltima tecnolog\u00eda, en el marco de las pol\u00edticas p\u00fablicas de seguridad<\/em><\/p>\n\n\n\n<p>Durante varios actos realizados en el interior provincial, las m\u00e1ximas autoridades de la Polic\u00eda de Formosa entregaron camionetas cero kil\u00f3metros a las Unidades Regionales ubicadas a lo largo y ancho de la geograf\u00eda provincial.&nbsp;<\/p>\n\n\n\n<p>Este mi\u00e9rcoles 6 por la ma\u00f1ana, el jefe de Polic\u00eda, el comisario general Juan Mois\u00e9s Villagra, entreg\u00f3 m\u00f3viles policiales en las Unidades Regionales N\u00b02 de Piran\u00e9, N\u00b05 de Las Lomitas y N\u00b06 de Ingeniero Ju\u00e1rez.<\/p>\n\n\n\n<p>Por su parte, el subjefe de la fuerza, el comisario general Norberto Rub\u00e9n Mauri, hizo lo propio en las Unidades Regionales N\u00b03 de Clorinda, N\u00b04 de Laguna Blanca y N\u00b07 de Villa General G\u00fcemes.<\/p>\n\n\n\n<p>A los actos de entrega asistieron los jefes de estructuras, oficiales superiores, jefes y subalternos con prestaci\u00f3n de servicios en las distintas dependencias de cada Comando Regional.<\/p>\n\n\n\n<figure class=\"wp-block-image\"><a href=\"https:\/\/agenfor.com.ar\/wp-content\/uploads\/2025\/08\/El-Comando-Superior-entrego-moviles-policiales-a-las-distintas-Unidades-Regionales-del-interior-18.jpg\"><img decoding=\"async\" src=\"https:\/\/agenfor.com.ar\/wp-content\/uploads\/2025\/08\/El-Comando-Superior-entrego-moviles-policiales-a-las-distintas-Unidades-Regionales-del-interior-18-1024x682.jpg\" alt=\"\" class=\"wp-image-238789\"\/><\/a><\/figure>\n\n\n\n<p>Son camionetas Ford Ranger y Nissan nuevas, equipadas con tecnolog\u00eda de \u00faltima generaci\u00f3n que ser\u00e1n destinadas a fortalecer el servicio de seguridad ciudadana en toda la provincia, que a su vez contribuye a mejorar la capacidad operativa de la Polic\u00eda en la comunidad organizada.<\/p>\n\n\n\n<p>Tanto el jefe como el subjefe de Polic\u00eda tuvieron palabras de agradecimiento hacia el gobernador Gildo Insfr\u00e1n y remarcaron que los 21 m\u00f3viles destinados a la fuerza provincial representan un claro ejemplo del apoyo y acompa\u00f1amiento del primer mandatario provincial a las pol\u00edticas p\u00fablicas implementadas en materia de seguridad.&nbsp;<\/p>\n\n\n\n<p>Adem\u00e1s de resaltar el compromiso de redoblar esfuerzos en materia preventiva, destacaron que la inversi\u00f3n en nuevas unidades para el parque automotor de la Polic\u00eda provincial es la prueba palpable del avance del Modelo Formose\u00f1o, que contempla logros para la comunidad, desde una mirada integral, que invita al desarrollo de todos los sectores, en un clima de armon\u00eda, de respeto y paz social.<\/p>\n\n\n\n<figure class=\"wp-block-image\"><a href=\"https:\/\/agenfor.com.ar\/wp-content\/uploads\/2025\/08\/El-Comando-Superior-entrego-moviles-policiales-a-las-distintas-Unidades-Regionales-del-interior-16.jpg\"><img decoding=\"async\" src=\"https:\/\/agenfor.com.ar\/wp-content\/uploads\/2025\/08\/El-Comando-Superior-entrego-moviles-policiales-a-las-distintas-Unidades-Regionales-del-interior-16-1024x682.jpg\" alt=\"\" class=\"wp-image-238786\"\/><\/a><\/figure>\n\n\n\n<p>Se\u00f1alaron que las pol\u00edticas p\u00fablicas en materia de seguridad tienen por escencia la experiencia de la Polic\u00eda Comunitaria, como estrategia de proximidad para llevar soluciones concretas a las demandas de la gente, donde se privilegia la cercan\u00eda, mediante actividades en los distintos barrios de la ciudad y las diferentes localidades del interior provincial, lo que demuestra resultados concretos en la prevenci\u00f3n del delito.<\/p>\n\n\n\n<p>Expresaron que el uniformado pas\u00f3 a ser un referente social, que desarrolla tu tarea en coordinaci\u00f3n con las dem\u00e1s instituciones del Estado provincial, con articulaci\u00f3n de acciones, donde la labor policial no s\u00f3lo se limita a la prevenci\u00f3n y persecuci\u00f3n de la delincuencia, sino que incluye un importante trabajo al lado de la gente y sus necesidades.<\/p>\n\n\n\n<figure class=\"wp-block-image\"><a href=\"https:\/\/agenfor.com.ar\/wp-content\/uploads\/2025\/08\/WhatsApp-Image-2025-08-06-at-12.30.26-PM-scaled.jpeg\"><img decoding=\"async\" src=\"https:\/\/agenfor.com.ar\/wp-content\/uploads\/2025\/08\/WhatsApp-Image-2025-08-06-at-12.30.26-PM-1024x768.jpeg\" alt=\"\" class=\"wp-image-238770\"\/><\/a><figcaption class=\"wp-element-caption\"><em>El jefe de la Polic\u00eda, el comisario general Juan Mois\u00e9s Villagra.<\/em><\/figcaption><\/figure>\n\n\n\n<p><strong>Acrecentar\u00e1 el parque automotor<\/strong><\/p>\n\n\n\n<p>Sobre este tema, el jefe de la Pol\u00edcia brind\u00f3 declaraciones a la Agencia de Noticias Formosa (AGENFOR). All\u00ed destac\u00f3 que estas nuevas unidades m\u00f3viles \u201cacrecentar\u00e1n el parque automotor\u201d que posee la instituci\u00f3n policial.<\/p>\n\n\n\n<p>Fundament\u00f3 que \u201cas\u00ed se hace realidad el Modelo Formose\u00f1o para el proyecto de provincia impulsado por nuestro comandante natural, el gobernador Insfr\u00e1n\u201d, d\u00e1ndoles de esa manera su apoyo para as\u00ed cumplir con su misi\u00f3n.<\/p>\n\n\n\n<p>Esto es \u201csiempre estar al servicio de la comunidad a los fines de que cada formose\u00f1o est\u00e9 seguro con la presencia del personal policial\u201d, subray\u00f3.<\/p>\n\n\n\n<p>Por su parte, el jefe de la Unidad Regional N\u00b0 5 de Las Lomitas, comisario general V\u00edctor Hugo Casas, explic\u00f3 que la jurisdicci\u00f3n que abarca esta Unidad Regional comprende desde la ruta nacional N\u00b0 95 y finaliza en Gregorio B. Baz\u00e1n.<\/p>\n\n\n\n<p>\u201cEsto es un gran apoyo a nivel institucional y a la vez a la comunidad en general\u201d, ya que, \u201csi bien nuestro Gobernador le entrega los m\u00f3viles a la instituci\u00f3n policial, esto es en beneficio de las distintas localidades donde se presta servicio de seguridad\u201d, enfatiz\u00f3.<\/p>\n\n\n\n<p>Por tanto, \u201cesto tiene un impacto para la zona para dar un servicio m\u00e1s eficiente conforme a reglamentaciones a la poblaci\u00f3n en general\u201d.<\/p>\n\n\n\n<p>En esa misma l\u00ednea, el comisario general V\u00edctor Ulises Genes, jefe del Departamento de Log\u00edstica de la Polic\u00eda, expres\u00f3 que este d\u00eda \u201cfue muy especial para la Polic\u00eda\u201d por la estrat\u00e9gica distribuci\u00f3n de los nuevos m\u00f3viles, dando cumplimiento as\u00ed a lo dispuesto por el gobernador Insfr\u00e1n.<\/p>\n\n\n\n<figure class=\"wp-block-image\"><a href=\"https:\/\/agenfor.com.ar\/wp-content\/uploads\/2025\/08\/WhatsApp-Image-2025-08-06-at-9.33.06-AM-3.jpeg\"><img decoding=\"async\" src=\"https:\/\/agenfor.com.ar\/wp-content\/uploads\/2025\/08\/WhatsApp-Image-2025-08-06-at-9.33.06-AM-3-1024x768.jpeg\" alt=\"\" class=\"wp-image-238758\"\/><\/a><figcaption class=\"wp-element-caption\">Comisario general V\u00edctor Hugo Casas<\/figcaption><\/figure>\n","protected":false},"excerpt":{"rendered":"<p>Fue gracias al compromiso asumido por el Gobierno provincial, que otorg\u00f3 a la Polic\u00eda equipamientos<\/p>\n","protected":false},"author":8,"featured_media":68352,"comment_status":"closed","ping_status":"closed","sticky":false,"template":"","format":"standard","meta":{"footnotes":""},"categories":[1],"tags":[],"class_list":["post-68351","post","type-post","status-publish","format-standard","has-post-thumbnail","hentry","category-noticias"],"_links":{"self":[{"href":"https:\/\/24formosa.com.ar\/index.php?rest_route=\/wp\/v2\/posts\/68351","targetHints":{"allow":["GET"]}}],"collection":[{"href":"https:\/\/24formosa.com.ar\/index.php?rest_route=\/wp\/v2\/posts"}],"about":[{"href":"https:\/\/24formosa.com.ar\/index.php?rest_route=\/wp\/v2\/types\/post"}],"author":[{"embeddable":true,"href":"https:\/\/24formosa.com.ar\/index.php?rest_route=\/wp\/v2\/users\/8"}],"replies":[{"embeddable":true,"href":"https:\/\/24formosa.com.ar\/index.php?rest_route=%2Fwp%2Fv2%2Fcomments&post=68351"}],"version-history":[{"count":1,"href":"https:\/\/24formosa.com.ar\/index.php?rest_route=\/wp\/v2\/posts\/68351\/revisions"}],"predecessor-version":[{"id":68353,"href":"https:\/\/24formosa.com.ar\/index.php?rest_route=\/wp\/v2\/posts\/68351\/revisions\/68353"}],"wp:featuredmedia":[{"embeddable":true,"href":"https:\/\/24formosa.com.ar\/index.php?rest_route=\/wp\/v2\/media\/68352"}],"wp:attachment":[{"href":"https:\/\/24formosa.com.ar\/index.php?rest_route=%2Fwp%2Fv2%2Fmedia&parent=68351"}],"wp:term":[{"taxonomy":"category","embeddable":true,"href":"https:\/\/24formosa.com.ar\/index.php?rest_route=%2Fwp%2Fv2%2Fcategories&post=68351"},{"taxonomy":"post_tag","embeddable":true,"href":"https:\/\/24formosa.com.ar\/index.php?rest_route=%2Fwp%2Fv2%2Ftags&post=68351"}],"curies":[{"name":"wp","href":"https:\/\/api.w.org\/{rel}","templated":true}]}}