{"id":68348,"date":"2025-08-06T22:55:28","date_gmt":"2025-08-07T01:55:28","guid":{"rendered":"https:\/\/24formosa.com.ar\/?p=68348"},"modified":"2025-08-06T22:55:28","modified_gmt":"2025-08-07T01:55:28","slug":"inicio-el-ciclo-de-charlas-de-sensibilizacion-turistica-para-personal-policial","status":"publish","type":"post","link":"https:\/\/24formosa.com.ar\/?p=68348","title":{"rendered":"Inici\u00f3 el ciclo de charlas de sensibilizaci\u00f3n tur\u00edstica para personal policial"},"content":{"rendered":"\n<p>Con la participaci\u00f3n de m\u00e1s de 40 efectivos, este mi\u00e9rcoles 6, el Ministerio de Turismo de Formosa dio inicio al ciclo de charlas de sensibilizaci\u00f3n tur\u00edstica, una iniciativa que busca fortalecer la atenci\u00f3n al visitante y promover una cultura tur\u00edstica inclusiva y colaborativa.<\/p>\n\n\n\n<p>Los encuentros est\u00e1n destinados a personal policial de distintas dependencias, como la Unidad Especial de Polic\u00eda Ecol\u00f3gica (UEPE), la Direcci\u00f3n de Tr\u00e1nsito y la Polic\u00eda Vial, entre otras. Se llevar\u00e1n a cabo en una modalidad de formaci\u00f3n continua.<\/p>\n\n\n\n<figure class=\"wp-block-image\"><a href=\"https:\/\/agenfor.com.ar\/wp-content\/uploads\/2025\/08\/Turismo-3.jpeg\"><img decoding=\"async\" src=\"https:\/\/agenfor.com.ar\/wp-content\/uploads\/2025\/08\/Turismo-3-1024x576.jpeg\" alt=\"\" class=\"wp-image-238822\"\/><\/a><\/figure>\n\n\n\n<p>Cabe mencionar que el programa contempla talleres de sensibilizaci\u00f3n tur\u00edstica orientados a la recepci\u00f3n y el trato hacia turistas, as\u00ed como tambi\u00e9n un taller de idioma, enfocado en brindar herramientas b\u00e1sicas de comunicaci\u00f3n para una mejor interacci\u00f3n con visitantes nacionales e internacionales.<\/p>\n\n\n\n<p>Finalmente, desde el Ministerio de Turismo destacaron la importancia de esta articulaci\u00f3n interinstitucional \u201cpara consolidar a Formosa como un destino tur\u00edstico seguro, hospitalario y preparado para recibir a quienes eligen conocer sus bellezas naturales, culturales y patrimoniales\u201d.<\/p>\n","protected":false},"excerpt":{"rendered":"<p>Con la participaci\u00f3n de m\u00e1s de 40 efectivos, este mi\u00e9rcoles 6, el Ministerio de Turismo<\/p>\n","protected":false},"author":8,"featured_media":68349,"comment_status":"closed","ping_status":"closed","sticky":false,"template":"","format":"standard","meta":{"footnotes":""},"categories":[1],"tags":[],"class_list":["post-68348","post","type-post","status-publish","format-standard","has-post-thumbnail","hentry","category-noticias"],"_links":{"self":[{"href":"https:\/\/24formosa.com.ar\/index.php?rest_route=\/wp\/v2\/posts\/68348","targetHints":{"allow":["GET"]}}],"collection":[{"href":"https:\/\/24formosa.com.ar\/index.php?rest_route=\/wp\/v2\/posts"}],"about":[{"href":"https:\/\/24formosa.com.ar\/index.php?rest_route=\/wp\/v2\/types\/post"}],"author":[{"embeddable":true,"href":"https:\/\/24formosa.com.ar\/index.php?rest_route=\/wp\/v2\/users\/8"}],"replies":[{"embeddable":true,"href":"https:\/\/24formosa.com.ar\/index.php?rest_route=%2Fwp%2Fv2%2Fcomments&post=68348"}],"version-history":[{"count":1,"href":"https:\/\/24formosa.com.ar\/index.php?rest_route=\/wp\/v2\/posts\/68348\/revisions"}],"predecessor-version":[{"id":68350,"href":"https:\/\/24formosa.com.ar\/index.php?rest_route=\/wp\/v2\/posts\/68348\/revisions\/68350"}],"wp:featuredmedia":[{"embeddable":true,"href":"https:\/\/24formosa.com.ar\/index.php?rest_route=\/wp\/v2\/media\/68349"}],"wp:attachment":[{"href":"https:\/\/24formosa.com.ar\/index.php?rest_route=%2Fwp%2Fv2%2Fmedia&parent=68348"}],"wp:term":[{"taxonomy":"category","embeddable":true,"href":"https:\/\/24formosa.com.ar\/index.php?rest_route=%2Fwp%2Fv2%2Fcategories&post=68348"},{"taxonomy":"post_tag","embeddable":true,"href":"https:\/\/24formosa.com.ar\/index.php?rest_route=%2Fwp%2Fv2%2Ftags&post=68348"}],"curies":[{"name":"wp","href":"https:\/\/api.w.org\/{rel}","templated":true}]}}