{"id":68341,"date":"2025-08-06T22:50:38","date_gmt":"2025-08-07T01:50:38","guid":{"rendered":"https:\/\/24formosa.com.ar\/?p=68341"},"modified":"2025-08-06T22:50:39","modified_gmt":"2025-08-07T01:50:39","slug":"la-convencion-constituyente-de-formosa-aprobo-reformas-claves-identidad-ambiente-y-proteccion-de-datos","status":"publish","type":"post","link":"https:\/\/24formosa.com.ar\/?p=68341","title":{"rendered":"La Convenci\u00f3n Constituyente de Formosa aprob\u00f3 reformas claves: identidad, ambiente y protecci\u00f3n de datos"},"content":{"rendered":"\n<p>En la sesi\u00f3n del mi\u00e9rcoles 6 de agosto, la Convenci\u00f3n Constituyente de Formosa aprob\u00f3 una serie de reformas sustanciales a la Carta Magna provincial, en l\u00ednea con las propuestas elevadas por la Comisi\u00f3n de Legislaci\u00f3n. Entre los principales cambios, se destacan la modificaci\u00f3n del art\u00edculo 23, que adec\u00faa la acci\u00f3n de amparo a los criterios de la Constituci\u00f3n Nacional, y la incorporaci\u00f3n del derecho a la identidad en el art\u00edculo 24.<\/p>\n\n\n\n<p>\u201cActualizar y adecuar la regulaci\u00f3n de recursos de amparo, a los est\u00e1ndares establecidos por nuestra Constituci\u00f3n nacional. La redacci\u00f3n actual del art\u00edculo 23, fue innovadora en su momento, pero hoy resulta restrictiva y parcial\u201d, argument\u00f3 la convencional Valeria M\u00e9ndez al fundamentar el cambio.<\/p>\n\n\n\n<p>Sobre el art\u00edculo 24, M\u00e9ndez agreg\u00f3: \u201cEn la modificaci\u00f3n del art\u00edculo 24 se agregar\u00eda el derecho a la identidad. Es un art\u00edculo profundo en su contenido y vital en su significado. Cuando hablamos de identidad, no solo hablamos de una inscripci\u00f3n en un registro, sino que hablamos de la esencia del ser humano. Hablamos de ser reconocidos como sujetos de derechos. Con nombre, v\u00ednculos, derechos civiles, pol\u00edticos y sociales, pero sobre todo hablamos de historia\u201d.<\/p>\n\n\n\n<figure class=\"wp-block-image\"><a href=\"https:\/\/agenfor.com.ar\/wp-content\/uploads\/2025\/08\/Segunda-sesion-plenaria-Convencion-Constituyente-1-scaled.jpg\"><img decoding=\"async\" src=\"https:\/\/agenfor.com.ar\/wp-content\/uploads\/2025\/08\/Segunda-sesion-plenaria-Convencion-Constituyente-1-1024x683.jpg\" alt=\"\" class=\"wp-image-238848\"\/><\/a><\/figure>\n\n\n\n<p>Junto a estas modificaciones, se incorporaron dos nuevos art\u00edculos al cap\u00edtulo de Declaraciones, Derechos y Garant\u00edas. Uno de ellos reconoce los derechos de las v\u00edctimas de delitos penales, garantizando trato digno en los procesos judiciales, respeto y protecci\u00f3n de su intimidad e informaci\u00f3n sensible.<\/p>\n\n\n\n<p>\u201cLas v\u00edctimas en el proceso penal han sido relegadas a un plano secundario en el proceso, porque se centran los derechos en una sola parte que es el imputado. Entendemos que es imperioso reconocer el verdadero significado de qu\u00e9 es una v\u00edctima. El Estado debe garantizar la protecci\u00f3n, seguridad y la participaci\u00f3n en la b\u00fasqueda activa de la justicia\u201d, expres\u00f3 la convencional informante Blanca Almir\u00f3n.<\/p>\n\n\n\n<p>Desde una postura cr\u00edtica, el convencional Pablo Miguez manifest\u00f3 su desacuerdo con esta incorporaci\u00f3n: \u201cCreemos que el Estado tiene que ser lo m\u00e1s chico posible\u201d.<\/p>\n\n\n\n<p>Otro avance significativo fue la incorporaci\u00f3n del derecho al h\u00e1beas data, que permite a los ciudadanos acceder, rectificar o suprimir sus datos personales en bancos de datos p\u00fablicos o privados, adem\u00e1s de resguardar el secreto de las fuentes period\u00edsticas.<\/p>\n\n\n\n<p>\u201cEl h\u00e1beas data es mucho m\u00e1s que una garant\u00eda individual. Es una herramienta de protecci\u00f3n, en un tiempo en que los datos personales son el nuevo oro digital. Su resguardo constitucional representa un acto de autonom\u00eda personal\u201d, se\u00f1al\u00f3 la convencional Grissel Insfr\u00e1n.<\/p>\n\n\n\n<figure class=\"wp-block-image\"><a href=\"https:\/\/agenfor.com.ar\/wp-content\/uploads\/2025\/08\/Segunda-sesion-plenaria-Convencion-Constituyente-5-scaled.jpg\"><img decoding=\"async\" src=\"https:\/\/agenfor.com.ar\/wp-content\/uploads\/2025\/08\/Segunda-sesion-plenaria-Convencion-Constituyente-5-1024x683.jpg\" alt=\"\" class=\"wp-image-238842\"\/><\/a><\/figure>\n\n\n\n<p>En materia ambiental, se cre\u00f3 un nuevo cap\u00edtulo titulado \u201cR\u00e9gimen Ambiental\u201d y se reform\u00f3 el art\u00edculo 38. Entre los cambios se establece el derecho de la comunidad al acceso al agua en condiciones adecuadas y a un costo justo, y se determina la responsabilidad del Estado en implementar pol\u00edticas sostenibles de manejo h\u00eddrico. Tambi\u00e9n se prev\u00e9 la creaci\u00f3n de \u00e1reas protegidas y se afirma el derecho provincial a participar coordinadamente en lo referente a los parques nacionales ubicados dentro del territorio formose\u00f1o.<\/p>\n\n\n\n<p>El art\u00edculo 38 reformado refuerza el derecho a un ambiente sano, establece la obligaci\u00f3n del Estado de proteger la biodiversidad, prevenir la contaminaci\u00f3n y promover la educaci\u00f3n ambiental.<\/p>\n\n\n\n<p>En el marco del debate, el convencional Rodrigo Vera remarc\u00f3: \u201cDebemos cuidar los recursos naturales para el aprovechamiento de las generaciones presentes y de las futuras. Adem\u00e1s, incluyendo la cuesti\u00f3n social, porque cada vez que hay da\u00f1o ambiental, ese da\u00f1o afecta desproporcionadamente a las personas m\u00e1s humildes. Debemos cuidar nuestra casa com\u00fan. Esa casa com\u00fan, que es el ambiente, es responsabilidad de los ciudadanos y de los Estados\u201d.<\/p>\n\n\n\n<p>En disidencia, el convencional Pablo Miguez insisti\u00f3: \u201cD\u00e9jennos que podamos decidir en libertad lo que es cambio clim\u00e1tico o no es cambio clim\u00e1tico. El cambio clim\u00e1tico no est\u00e1 aprobado, no tiene base cient\u00edfica\u201d.<\/p>\n","protected":false},"excerpt":{"rendered":"<p>En la sesi\u00f3n del mi\u00e9rcoles 6 de agosto, la Convenci\u00f3n Constituyente de Formosa aprob\u00f3 una<\/p>\n","protected":false},"author":8,"featured_media":68343,"comment_status":"closed","ping_status":"closed","sticky":false,"template":"","format":"standard","meta":{"footnotes":""},"categories":[1],"tags":[],"class_list":["post-68341","post","type-post","status-publish","format-standard","has-post-thumbnail","hentry","category-noticias"],"_links":{"self":[{"href":"https:\/\/24formosa.com.ar\/index.php?rest_route=\/wp\/v2\/posts\/68341","targetHints":{"allow":["GET"]}}],"collection":[{"href":"https:\/\/24formosa.com.ar\/index.php?rest_route=\/wp\/v2\/posts"}],"about":[{"href":"https:\/\/24formosa.com.ar\/index.php?rest_route=\/wp\/v2\/types\/post"}],"author":[{"embeddable":true,"href":"https:\/\/24formosa.com.ar\/index.php?rest_route=\/wp\/v2\/users\/8"}],"replies":[{"embeddable":true,"href":"https:\/\/24formosa.com.ar\/index.php?rest_route=%2Fwp%2Fv2%2Fcomments&post=68341"}],"version-history":[{"count":1,"href":"https:\/\/24formosa.com.ar\/index.php?rest_route=\/wp\/v2\/posts\/68341\/revisions"}],"predecessor-version":[{"id":68344,"href":"https:\/\/24formosa.com.ar\/index.php?rest_route=\/wp\/v2\/posts\/68341\/revisions\/68344"}],"wp:featuredmedia":[{"embeddable":true,"href":"https:\/\/24formosa.com.ar\/index.php?rest_route=\/wp\/v2\/media\/68343"}],"wp:attachment":[{"href":"https:\/\/24formosa.com.ar\/index.php?rest_route=%2Fwp%2Fv2%2Fmedia&parent=68341"}],"wp:term":[{"taxonomy":"category","embeddable":true,"href":"https:\/\/24formosa.com.ar\/index.php?rest_route=%2Fwp%2Fv2%2Fcategories&post=68341"},{"taxonomy":"post_tag","embeddable":true,"href":"https:\/\/24formosa.com.ar\/index.php?rest_route=%2Fwp%2Fv2%2Ftags&post=68341"}],"curies":[{"name":"wp","href":"https:\/\/api.w.org\/{rel}","templated":true}]}}