{"id":68337,"date":"2025-08-05T22:42:09","date_gmt":"2025-08-06T01:42:09","guid":{"rendered":"https:\/\/24formosa.com.ar\/?p=68337"},"modified":"2025-08-05T22:42:11","modified_gmt":"2025-08-06T01:42:11","slug":"juegos-evita-formosenos-finales-departamentales-en-posta-cambio-zalazar","status":"publish","type":"post","link":"https:\/\/24formosa.com.ar\/?p=68337","title":{"rendered":"Juegos Evita Formose\u00f1os: Finales departamentales en Posta Cambio Zalazar"},"content":{"rendered":"\n<p><em>Este martes 5 y mi\u00e9rcoles 6 de agosto se disputan las finales departamentales correspondientes a los Juegos Evita Formose\u00f1os, en el oeste provincial.<\/em><\/p>\n\n\n\n<p>El vicegobernador Eber Sol\u00eds acompa\u00f1\u00f3 en el polideportivo de Posta Cambio Zalazar el inicio de las actividades deportivas, respaldando al equipo de la Secretar\u00eda de Deportes que tiene a su cargo estos juegos, en disciplinas como f\u00fatbol de campo, atletismo, lanzamiento de bala y disco, adem\u00e1s de una gran marat\u00f3n comunitaria.<\/p>\n\n\n\n<p>El evento que reuni\u00f3 a los deportistas de la ruta nacional N\u00b0 86, cont\u00f3 con la presencia del presidente de la Junta Vecinal, Meliano Acosta, como tambi\u00e9n el de Guadalcazar, Oscar Medina, donde continuar\u00e1 la actividad este mi\u00e9rcoles 6. Adem\u00e1s, el diputado Aldo Ingolotti (PJ), el titular del PAIPPA, Rub\u00e9n Casco; el administrador general de la Direcci\u00f3n Provincial de Vialidad (DPV), Javier Caffa; entre otras autoridades provinciales.<\/p>\n\n\n\n<figure class=\"wp-block-image\"><a href=\"https:\/\/agenfor.com.ar\/wp-content\/uploads\/2025\/08\/9e7b9bc7-de35-4c8d-909a-47cc1b7dc339.jpeg\"><img decoding=\"async\" src=\"https:\/\/agenfor.com.ar\/wp-content\/uploads\/2025\/08\/9e7b9bc7-de35-4c8d-909a-47cc1b7dc339-1024x768.jpeg\" alt=\"\" class=\"wp-image-238526\"\/><\/a><\/figure>\n\n\n\n<p>Fueron protagonistas de estas finales los j\u00f3venes de El Solitario, R\u00edo Muerto, Guadalc\u00e1zar, Lamadrid, Alto Alegre, La Libertad, La Zanja, Posta Cambio Zalazar, El Descanso, La Esperanza y Pozo Molina, destac\u00e1ndose una amplia participaci\u00f3n en este a\u00f1o de chicos y chicas pertenecientes a comunidades originarias.<\/p>\n\n\n\n<p>Al dar inicio a los Juegos, el vicegobernador Sol\u00eds record\u00f3 que los Juegos Evita Formose\u00f1os fueron una decisi\u00f3n del gobernador Gildo Insfr\u00e1n, tras el anuncio del presidente Javier Milei de suspender esta competencia deportiva y popular, que reun\u00eda a estudiantes deportistas de todo el pa\u00eds.<\/p>\n\n\n\n<p>En declaraciones que recogi\u00f3 la&nbsp;<strong><em>Agencia de Noticias Formosa (AGENFOR)<\/em><\/strong>&nbsp;subray\u00f3 que Insfr\u00e1n \u201cpens\u00f3 en el pueblo de Formosa\u201d y destac\u00f3 que esta provincia es la \u00fanica en el pa\u00eds, donde se siguen desarrollando en forma normal.<\/p>\n\n\n\n<p>Dijo que se trata no s\u00f3lo de una competencia deportiva en s\u00ed, sino de una ocasi\u00f3n para que j\u00f3venes de toda la provincia compartan un sentimiento de unidad y solidaridad. \u201cPermiten que nos integremos entre todos, aqu\u00ed hay comunidades originarias y criollas, los j\u00f3venes nos contaban el entusiasmo y las ganas que tienen de compartir\u201d, subray\u00f3.<\/p>\n\n\n\n<p>A su turno, el jefe comunal de Zalazar dio la bienvenida a todos los presentes, y tambi\u00e9n hizo lo propio el director de Deportes de la provincia, Luis Ortellado. El funcionario puso en valor estos Juegos, a pesar de la decisi\u00f3n nacional de \u201cdarle la espalda\u201d al deporte, como as\u00ed tambi\u00e9n a los ni\u00f1os, j\u00f3venes y adultos mayores.<\/p>\n\n\n\n<p>\u201cEn Formosa tenemos garantizados nuestros juegos, la actividad f\u00edsica para todos, y sabemos el beneficio que trae para la salud, para todo el \u00e1mbito social, el compartir, por eso es una gran fiesta del deporte\u201d, destac\u00f3.<\/p>\n\n\n\n<p>Ortellado coment\u00f3 que se registr\u00f3 la inscripci\u00f3n de casi el doble que el a\u00f1o pasado en cuanto a comunidades originarias, y alent\u00f3 a los j\u00f3venes a continuar practicando deportes e invitar a m\u00e1s compa\u00f1eros a sumarse.<\/p>\n","protected":false},"excerpt":{"rendered":"<p>Este martes 5 y mi\u00e9rcoles 6 de agosto se disputan las finales departamentales correspondientes a<\/p>\n","protected":false},"author":8,"featured_media":68338,"comment_status":"closed","ping_status":"closed","sticky":false,"template":"","format":"standard","meta":{"footnotes":""},"categories":[1],"tags":[],"class_list":["post-68337","post","type-post","status-publish","format-standard","has-post-thumbnail","hentry","category-noticias"],"_links":{"self":[{"href":"https:\/\/24formosa.com.ar\/index.php?rest_route=\/wp\/v2\/posts\/68337","targetHints":{"allow":["GET"]}}],"collection":[{"href":"https:\/\/24formosa.com.ar\/index.php?rest_route=\/wp\/v2\/posts"}],"about":[{"href":"https:\/\/24formosa.com.ar\/index.php?rest_route=\/wp\/v2\/types\/post"}],"author":[{"embeddable":true,"href":"https:\/\/24formosa.com.ar\/index.php?rest_route=\/wp\/v2\/users\/8"}],"replies":[{"embeddable":true,"href":"https:\/\/24formosa.com.ar\/index.php?rest_route=%2Fwp%2Fv2%2Fcomments&post=68337"}],"version-history":[{"count":1,"href":"https:\/\/24formosa.com.ar\/index.php?rest_route=\/wp\/v2\/posts\/68337\/revisions"}],"predecessor-version":[{"id":68339,"href":"https:\/\/24formosa.com.ar\/index.php?rest_route=\/wp\/v2\/posts\/68337\/revisions\/68339"}],"wp:featuredmedia":[{"embeddable":true,"href":"https:\/\/24formosa.com.ar\/index.php?rest_route=\/wp\/v2\/media\/68338"}],"wp:attachment":[{"href":"https:\/\/24formosa.com.ar\/index.php?rest_route=%2Fwp%2Fv2%2Fmedia&parent=68337"}],"wp:term":[{"taxonomy":"category","embeddable":true,"href":"https:\/\/24formosa.com.ar\/index.php?rest_route=%2Fwp%2Fv2%2Fcategories&post=68337"},{"taxonomy":"post_tag","embeddable":true,"href":"https:\/\/24formosa.com.ar\/index.php?rest_route=%2Fwp%2Fv2%2Ftags&post=68337"}],"curies":[{"name":"wp","href":"https:\/\/api.w.org\/{rel}","templated":true}]}}