{"id":68334,"date":"2025-08-05T22:40:50","date_gmt":"2025-08-06T01:40:50","guid":{"rendered":"https:\/\/24formosa.com.ar\/?p=68334"},"modified":"2025-08-05T22:40:51","modified_gmt":"2025-08-06T01:40:51","slug":"el-ministerio-de-la-comunidad-llevo-a-cabo-un-trabajo-territorial-y-comunitario-en-ingeniero-juarez","status":"publish","type":"post","link":"https:\/\/24formosa.com.ar\/?p=68334","title":{"rendered":"El Ministerio de la Comunidad llev\u00f3 a cabo un trabajo territorial y comunitario en Ingeniero Ju\u00e1rez"},"content":{"rendered":"\n<p><em>Con la firme decisi\u00f3n de acompa\u00f1ar a las comunidades desde una presencia activa, comprometida y sostenida, el Gobierno de Formosa, a trav\u00e9s del Ministerio de la Comunidad, despleg\u00f3 una nutrida agenda de trabajo territorial en la localidad de Ingeniero Ju\u00e1rez.<\/em><\/p>\n\n\n\n<p>Durante varias jornadas, se llevaron adelante m\u00faltiples acciones articuladas junto a organismos provinciales, equipos locales y referentes comunitarios, reafirmando el rol del Estado como garante de derechos y promotor de inclusi\u00f3n.<\/p>\n\n\n\n<p>En este marco, se realiz\u00f3 una mesa de trabajo interinstitucional con autoridades locales y provinciales, en la que se abordaron estrategias para el fortalecimiento de la articulaci\u00f3n interinstitucional, desde un enfoque basado en el abordaje integral, en la continuidad de los procesos y en la consolidaci\u00f3n de recursos locales.<\/p>\n\n\n\n<p>Participaron de esta instancia el intendente de Ingeniero Ju\u00e1rez, Rafael Nacif; la secretaria de la Mujer, Patricia Hermosilla; el juez de Paz, Maximiliano Garc\u00eda; el presidente del Concejo Deliberante, Walter Albornoz; el concejal Diego Martearena; el jefe de la Unidad Regional 6, comisario mayor Gustavo Alarc\u00f3n; representantes de la Delegaci\u00f3n Zonal de Educaci\u00f3n; la Oficina de G\u00e9nero y Violencia Intrafamiliar de la Polic\u00eda de la provincia y sus respectivos equipos.<\/p>\n\n\n\n<p>Mientras que por la cartera social encabezaron el subsecretario de Desarrollo y Fortalecimiento Comunitario, Gabriel Alcaraz, junto al director de Ni\u00f1ez y Adolescencia, Iv\u00e1n Medina Pati\u00f1o.<\/p>\n\n\n\n<p>Durante el encuentro, se ratific\u00f3 la importancia de fortalecer las redes locales desde una l\u00f3gica de corresponsabilidad, con una presencia activa del Estado en el territorio. En ese marco, se reforzaron herramientas y estrategias de intervenci\u00f3n destinadas a garantizar la protecci\u00f3n integral de ni\u00f1as, ni\u00f1os y adolescentes.<\/p>\n\n\n\n<p>Asimismo, se concret\u00f3 la firma de un convenio de cooperaci\u00f3n entre el Municipio y el Ministerio de la Comunidad, que consolida el compromiso pol\u00edtico con el trabajo articulado, sostenido y con perspectiva territorial.<\/p>\n\n\n\n<figure class=\"wp-block-image\"><a href=\"https:\/\/agenfor.com.ar\/wp-content\/uploads\/2025\/08\/reunion-interinstitucional.jpeg\"><img decoding=\"async\" src=\"https:\/\/agenfor.com.ar\/wp-content\/uploads\/2025\/08\/reunion-interinstitucional-1024x768.jpeg\" alt=\"\" class=\"wp-image-238537\"\/><\/a><\/figure>\n\n\n\n<p>\u201cNuestra presencia en el territorio no es solo operativa. Venimos a escuchar, a construir con las comunidades y a fortalecer el trabajo local desde una l\u00f3gica de corresponsabilidad. La protecci\u00f3n de los derechos de ni\u00f1as, ni\u00f1os y adolescentes requiere del compromiso articulado de todos los niveles del Estado, y de una escucha activa a quienes viven las realidades cotidianas. Este convenio reafirma esa voluntad colectiva de construir un Estado presente, sensible y cercano\u201d, destac\u00f3 el subsecretario Alcaraz.<\/p>\n\n\n\n<p>La agenda incluy\u00f3 tambi\u00e9n un encuentro comunitario que convoc\u00f3 a decenas de mujeres de los barrios Obrero, Belgrano, Curtiembre y Alberdi. En un espacio de di\u00e1logo y escucha, se abordaron temas vinculados al cuidado, la educaci\u00f3n sexual y la crianza comunitaria. Adem\u00e1s, se llev\u00f3 adelante un taller pr\u00e1ctico de preparados con plantas medicinales, que propici\u00f3 el intercambio de saberes y experiencias, y gener\u00f3 propuestas para consolidar redes de acompa\u00f1amiento desde y para la comunidad.<\/p>\n\n\n\n<p>Por otra parte, se llev\u00f3 adelante una reuni\u00f3n ampliada con referentes comunitarios, religiosos e institucionales, donde se puso en com\u00fan la necesidad de fortalecer v\u00ednculos y acciones sostenibles, y construir respuestas colectivas ante distintas situaciones que involucran a ni\u00f1as, ni\u00f1os, adolescentes y sus familias.<\/p>\n\n\n\n<p>Los participantes coincidieron en la importancia de articular esfuerzos para desnaturalizar pr\u00e1cticas que vulneran derechos y perpet\u00faan desigualdades.<\/p>\n\n\n\n<p>Adem\u00e1s, se impuls\u00f3 un espacio de trabajo espec\u00edfico con j\u00f3venes de esta localidad, que incluy\u00f3 momentos de expresi\u00f3n art\u00edstica y reflexi\u00f3n colectiva. A partir del intercambio con los equipos t\u00e9cnicos, se generaron propuestas para una participaci\u00f3n m\u00e1s activa y transformadora de las juventudes, consolidando el rol de estos espacios como \u00e1mbitos de contenci\u00f3n, escucha y construcci\u00f3n de futuro.<\/p>\n\n\n\n<figure class=\"wp-block-image\"><a href=\"https:\/\/agenfor.com.ar\/wp-content\/uploads\/2025\/08\/encuentro-con-jovenes.jpeg\"><img decoding=\"async\" src=\"https:\/\/agenfor.com.ar\/wp-content\/uploads\/2025\/08\/encuentro-con-jovenes-1024x768.jpeg\" alt=\"\" class=\"wp-image-238538\"\/><\/a><\/figure>\n\n\n\n<p>Por su parte, el equipo de Primera Infancia llev\u00f3 adelante instancias de capacitaci\u00f3n t\u00e9cnica destinadas a promotoras educativas comunitarias, y realiz\u00f3 una reuni\u00f3n con familias del Centro de Desarrollo Infantil \u201cMis Primeros Pasos\u201d, inaugurado en el mes de junio por el gobernador Gildo Insfr\u00e1n, profundizando el compromiso del cuidado conjunto desde los primeros a\u00f1os de vida.<\/p>\n\n\n\n<p>Con esta agenda, el Gobierno de la provincia de Formosa reafirma su convicci\u00f3n de que donde hay una necesidad, nace un derecho, y que es el Estado quien debe estar presente con sensibilidad, decisi\u00f3n pol\u00edtica y planificaci\u00f3n estrat\u00e9gica para garantizar derechos en todo el territorio provincial.<\/p>\n","protected":false},"excerpt":{"rendered":"<p>Con la firme decisi\u00f3n de acompa\u00f1ar a las comunidades desde una presencia activa, comprometida y<\/p>\n","protected":false},"author":8,"featured_media":68335,"comment_status":"closed","ping_status":"closed","sticky":false,"template":"","format":"standard","meta":{"footnotes":""},"categories":[1],"tags":[],"class_list":["post-68334","post","type-post","status-publish","format-standard","has-post-thumbnail","hentry","category-noticias"],"_links":{"self":[{"href":"https:\/\/24formosa.com.ar\/index.php?rest_route=\/wp\/v2\/posts\/68334","targetHints":{"allow":["GET"]}}],"collection":[{"href":"https:\/\/24formosa.com.ar\/index.php?rest_route=\/wp\/v2\/posts"}],"about":[{"href":"https:\/\/24formosa.com.ar\/index.php?rest_route=\/wp\/v2\/types\/post"}],"author":[{"embeddable":true,"href":"https:\/\/24formosa.com.ar\/index.php?rest_route=\/wp\/v2\/users\/8"}],"replies":[{"embeddable":true,"href":"https:\/\/24formosa.com.ar\/index.php?rest_route=%2Fwp%2Fv2%2Fcomments&post=68334"}],"version-history":[{"count":1,"href":"https:\/\/24formosa.com.ar\/index.php?rest_route=\/wp\/v2\/posts\/68334\/revisions"}],"predecessor-version":[{"id":68336,"href":"https:\/\/24formosa.com.ar\/index.php?rest_route=\/wp\/v2\/posts\/68334\/revisions\/68336"}],"wp:featuredmedia":[{"embeddable":true,"href":"https:\/\/24formosa.com.ar\/index.php?rest_route=\/wp\/v2\/media\/68335"}],"wp:attachment":[{"href":"https:\/\/24formosa.com.ar\/index.php?rest_route=%2Fwp%2Fv2%2Fmedia&parent=68334"}],"wp:term":[{"taxonomy":"category","embeddable":true,"href":"https:\/\/24formosa.com.ar\/index.php?rest_route=%2Fwp%2Fv2%2Fcategories&post=68334"},{"taxonomy":"post_tag","embeddable":true,"href":"https:\/\/24formosa.com.ar\/index.php?rest_route=%2Fwp%2Fv2%2Ftags&post=68334"}],"curies":[{"name":"wp","href":"https:\/\/api.w.org\/{rel}","templated":true}]}}