{"id":68328,"date":"2025-08-05T22:38:00","date_gmt":"2025-08-06T01:38:00","guid":{"rendered":"https:\/\/24formosa.com.ar\/?p=68328"},"modified":"2025-08-05T22:38:01","modified_gmt":"2025-08-06T01:38:01","slug":"el-centro-de-salud-la-nueva-formosa-se-suma-a-la-semana-mundial-de-la-lactancia-materna","status":"publish","type":"post","link":"https:\/\/24formosa.com.ar\/?p=68328","title":{"rendered":"El centro de salud La Nueva Formosa se suma a la Semana Mundial de la Lactancia Materna"},"content":{"rendered":"\n<p><em>Promoviendo el compromiso colectivo y el apoyo que requieren las madres para amamantar, como los beneficios que aporta la alimentaci\u00f3n por leche materna a la salud, el medio ambiente y la equidad social.<\/em><\/p>\n\n\n\n<p>El equipo del centro de salud La Nueva Formosa llev\u00f3 adelante una jornada de charlas en el marco de la Semana Mundial de la Lactancia Materna, dirigida a las madres lactantes, pacientes y vecinos.<\/p>\n\n\n\n<p>Durante el desarrollo, recordaron que, entre el 1\u00b0 y el 7 de agosto, con el lema 2025&nbsp;<em>\u201cPrioricemos la lactancia materna: construyendo sistemas de apoyo sostenibles\u201d,<\/em>&nbsp;apunta a visibilizar y a concientizar sobre la importancia de la lactancia, no solo como un acto individual, sino como un compromiso que requiere de la participaci\u00f3n y del apoyo de los distintos sectores de la comunidad para que pueda mantenerse, de manera adecuada, por el tiempo necesario.<\/p>\n\n\n\n<p>La actividad fue organizada por el Servicio de Nutrici\u00f3n, con la colaboraci\u00f3n de los servicios de obstetricia y ginecolog\u00eda, por la ma\u00f1ana; y odontolog\u00eda y cl\u00ednica m\u00e9dica, por la tarde.<\/p>\n\n\n\n<figure class=\"wp-block-image\"><a href=\"https:\/\/agenfor.com.ar\/wp-content\/uploads\/2025\/08\/Charlas-lactancia-materna-cs-La-Nueva-Formosa-4.jpeg\"><img decoding=\"async\" src=\"https:\/\/agenfor.com.ar\/wp-content\/uploads\/2025\/08\/Charlas-lactancia-materna-cs-La-Nueva-Formosa-4-1024x461.jpeg\" alt=\"\" class=\"wp-image-238583\"\/><\/a><\/figure>\n\n\n\n<p>\u201cCada uno de los profesionales hizo su aporte y se trataron diferentes temas sobre los innumerables beneficios que tiene la lactancia materna, tanto para el beb\u00e9 como para la mam\u00e1\u201d, inform\u00f3 el director del centro de salud, el doctor Felipe Ben\u00edtez.<\/p>\n\n\n\n<p>Por su parte, la referente del Servicio de Nutrici\u00f3n, la licenciada Mar\u00eda Elena Ben\u00edtez, coment\u00f3 que entre los puntos desarrollados se habl\u00f3, por ejemplo, de la importancia que tiene la succi\u00f3n para la formaci\u00f3n de la mand\u00edbula, de los requerimientos nutricionales que se ven aumentados \u201cy de los nutrientes considerados cr\u00edticos ya en el embarazo y, posteriormente, en la lactancia\u201d.<\/p>\n\n\n\n<p>Puntualiz\u00f3 que uno de ellos \u201ces el calcio\u201d a trav\u00e9s del consumo de alimentos como leche, yogur y quesos, o bien el hierro, mediante la ingesta de productos de origen animal, o hierro contenido en vegetales como lenteja, acelga, espinaca, que participa en la formaci\u00f3n de gl\u00f3bulos rojos, transportando el ox\u00edgeno a todas las c\u00e9lulas del cuerpo.<\/p>\n\n\n\n<p>\u201cM\u00e1s la Vitamina C. Y las grasas saludables, que se encuentran en aceite, palta, frutos secos, necesarios para el desarrollo del sistema nervioso central\u201d, precis\u00f3, afirmando que todos \u201cson fundamentales en la alimentaci\u00f3n de la embarazada y de la madre que da el pecho a su beb\u00e9\u201d.<\/p>\n\n\n\n<p>Explic\u00f3 que \u201cel beneficio en la alimentaci\u00f3n de la mam\u00e1 cubriendo esos nutrientes cr\u00edticos, favorece el desarrollo de las c\u00e9lulas \u00f3seas del lactante, al igual que su sistema nervioso central y los gl\u00f3bulos rojos. Adem\u00e1s, permite a la mam\u00e1 producir una leche de buena calidad, \u00f3ptima para una lactancia exclusiva durante los primeros y meses de vida\u201d.<\/p>\n\n\n\n<p><strong>Todo el a\u00f1o<\/strong><\/p>\n\n\n\n<p>Seguidamente, la especialista en nutrici\u00f3n puso de resalto que, desde su \u00e1rea, se trabaja todo el a\u00f1o para promover en las mujeres en general y espec\u00edficamente en las embarazadas y madres \u201cla lactancia materna\u201d como una forma de alimentaci\u00f3n insustituible para el ni\u00f1o\u201d.<\/p>\n\n\n\n<p>Reiter\u00f3 que debe comenzar desde el momento del nacimiento, siguiendo de manera exclusiva, sin el agregado de otros alimentos, hasta los seis meses de vida. Y luego continuar, de ser posible, hasta los dos a\u00f1os, con la incorporaci\u00f3n de los alimentos indicados por el pediatra.<\/p>\n\n\n\n<p>\u201cDesde nuestro consultorio, de manera permanente, se realiza consejer\u00eda nutricional a las embarazadas y a las madres lactantes\u201d, expuso, indicando que \u201ccada embarazada tiene su control nutricional obligatorio con el seguimiento correspondiente\u201d, concluy\u00f3.<\/p>\n","protected":false},"excerpt":{"rendered":"<p>Promoviendo el compromiso colectivo y el apoyo que requieren las madres para amamantar, como los<\/p>\n","protected":false},"author":8,"featured_media":68329,"comment_status":"closed","ping_status":"closed","sticky":false,"template":"","format":"standard","meta":{"footnotes":""},"categories":[1],"tags":[],"class_list":["post-68328","post","type-post","status-publish","format-standard","has-post-thumbnail","hentry","category-noticias"],"_links":{"self":[{"href":"https:\/\/24formosa.com.ar\/index.php?rest_route=\/wp\/v2\/posts\/68328","targetHints":{"allow":["GET"]}}],"collection":[{"href":"https:\/\/24formosa.com.ar\/index.php?rest_route=\/wp\/v2\/posts"}],"about":[{"href":"https:\/\/24formosa.com.ar\/index.php?rest_route=\/wp\/v2\/types\/post"}],"author":[{"embeddable":true,"href":"https:\/\/24formosa.com.ar\/index.php?rest_route=\/wp\/v2\/users\/8"}],"replies":[{"embeddable":true,"href":"https:\/\/24formosa.com.ar\/index.php?rest_route=%2Fwp%2Fv2%2Fcomments&post=68328"}],"version-history":[{"count":1,"href":"https:\/\/24formosa.com.ar\/index.php?rest_route=\/wp\/v2\/posts\/68328\/revisions"}],"predecessor-version":[{"id":68330,"href":"https:\/\/24formosa.com.ar\/index.php?rest_route=\/wp\/v2\/posts\/68328\/revisions\/68330"}],"wp:featuredmedia":[{"embeddable":true,"href":"https:\/\/24formosa.com.ar\/index.php?rest_route=\/wp\/v2\/media\/68329"}],"wp:attachment":[{"href":"https:\/\/24formosa.com.ar\/index.php?rest_route=%2Fwp%2Fv2%2Fmedia&parent=68328"}],"wp:term":[{"taxonomy":"category","embeddable":true,"href":"https:\/\/24formosa.com.ar\/index.php?rest_route=%2Fwp%2Fv2%2Fcategories&post=68328"},{"taxonomy":"post_tag","embeddable":true,"href":"https:\/\/24formosa.com.ar\/index.php?rest_route=%2Fwp%2Fv2%2Ftags&post=68328"}],"curies":[{"name":"wp","href":"https:\/\/api.w.org\/{rel}","templated":true}]}}