{"id":68325,"date":"2025-08-05T22:36:06","date_gmt":"2025-08-06T01:36:06","guid":{"rendered":"https:\/\/24formosa.com.ar\/?p=68325"},"modified":"2025-08-05T22:36:07","modified_gmt":"2025-08-06T01:36:07","slug":"la-direccion-general-de-drogas-peligrosas-celebro-su-38-aniversario-de-creacion","status":"publish","type":"post","link":"https:\/\/24formosa.com.ar\/?p=68325","title":{"rendered":"La Direcci\u00f3n General de Drogas Peligrosas celebr\u00f3 su 38\u00b0 aniversario de creaci\u00f3n"},"content":{"rendered":"\n<p>La Direcci\u00f3n General de Drogas Peligrosas cada 5 de agosto celebra su aniversario, siendo en este 2025, 38 a\u00f1os los que conmemor\u00f3 desde que fuera creada.<\/p>\n\n\n\n<p>Por ese motivo, este martes 5, a partir de las 18.45 horas, se realiz\u00f3 un acto en el Instituto Superior de Formaci\u00f3n Policial (ex Escuela de Cadetes), sito en la calle 16 de Julio y Mart\u00edn Fierro de la ciudad de Formosa.<\/p>\n\n\n\n<p>El ministro de Gobierno, Justicia, Seguridad y Trabajo de la provincia, Jorge Abel Gonzalez, asisti\u00f3 a la ceremonia que tambi\u00e9n cont\u00f3 con la participaci\u00f3n de las m\u00e1ximas autoridades de la Polic\u00eda, funcionarios provinciales e invitados especiales.<\/p>\n\n\n\n<p>Esta unidad especial, que integra el organigrama de la instituci\u00f3n policial, y tiene al comisario general N\u00e9stor Ricardo Garc\u00eda actualmente a cargo, abarca un amplio espectro de atenci\u00f3n.<\/p>\n\n\n\n<p>Sobre ello reflexion\u00f3 el ministro Gonzalez en su discurso al explicar cu\u00e1les son los fundamentos que persigue esta unidad.<\/p>\n\n\n\n<p>En principio, se\u00f1al\u00f3 que como cualquier otra \u00e1rea \u201ctrabaja con personas que tienen una historia de vida\u201d. Ese entonces es el punto de partida que orienta y da sentido al trabajo que lleva adelante la Direcci\u00f3n General de Drogas Peligrosas, \u201cya que al trabajar con personas, estamos insertos en la comunidad y al estar insertos en ella, tenemos el mismo proceso comunitario que avanza, se desarrolla e incorpora nuevas cuestiones\u201d.<\/p>\n\n\n\n<figure class=\"wp-block-image\"><a href=\"https:\/\/agenfor.com.ar\/wp-content\/uploads\/2025\/08\/WhatsApp-Image-2025-08-05-at-7.12.23-PM.jpeg\"><img decoding=\"async\" src=\"https:\/\/agenfor.com.ar\/wp-content\/uploads\/2025\/08\/WhatsApp-Image-2025-08-05-at-7.12.23-PM-1024x771.jpeg\" alt=\"\" class=\"wp-image-238632\"\/><\/a><\/figure>\n\n\n\n<p>Sigui\u00f3 diciendo que \u201centonces la pregunta que nos hacemos como sociedad y comunidad es c\u00f3mo trabajar esos aspectos para evitar primero que exista una demanda, es decir, la necesidad de consumir abusivamente de sustancia, lo cual requiere de un trabajo de prevenci\u00f3n. Pero tambi\u00e9n luchar contra esa oferta de aquellos que buscan el lucro como comerciantes de la muerte, y esa es la batalla hoy\u201d, explic\u00f3.<\/p>\n\n\n\n<p>Centr\u00e1ndose en esto \u00abnuestra acci\u00f3n\u00bb, asegur\u00f3, pero advirti\u00f3 que \u201csi nosotros simplemente tomamos un aspecto de ese fen\u00f3meno, estaremos equivocando el rumbo, esto es, si no nosotros solamente miramos el aspecto de trabajar sobre la demanda, olvid\u00e1ndonos de la oferta\u201d.<\/p>\n\n\n\n<p>Lo mismo suceder\u00eda \u201csi exclusivamente nos enfocamos en trabajar combatiendo la oferta, dejando de lado la demanda\u201d, remarcando que se incurrir\u00e1 tambi\u00e9n en una equivocaci\u00f3n \u201cporque no podemos segmentar al ser humano\u201d. &nbsp;<\/p>\n\n\n\n<p>Entonces, sintetizando lo dicho, enfatiz\u00f3 que se trabaja en \u201cun conjunto de acciones en las cuales la Polic\u00eda tiene un rol sin lugar a dudas, pero tambi\u00e9n todos los organismos del Estado y, fundamentalmente, la comunidad tiene un rol central. Y sin olvidar, adem\u00e1s, que la piedra basal est\u00e1 en la familia, que es la que incorpora los valores y los principios que cada uno de nosotros guardamos en nosotros mismos\u201d.<\/p>\n\n\n\n<figure class=\"wp-block-image\"><a href=\"https:\/\/agenfor.com.ar\/wp-content\/uploads\/2025\/08\/WhatsApp-Image-2025-08-05-at-7.34.40-PM.jpeg\"><img decoding=\"async\" src=\"https:\/\/agenfor.com.ar\/wp-content\/uploads\/2025\/08\/WhatsApp-Image-2025-08-05-at-7.34.40-PM-1024x771.jpeg\" alt=\"\" class=\"wp-image-238644\"\/><\/a><\/figure>\n","protected":false},"excerpt":{"rendered":"<p>La Direcci\u00f3n General de Drogas Peligrosas cada 5 de agosto celebra su aniversario, siendo en<\/p>\n","protected":false},"author":8,"featured_media":68326,"comment_status":"closed","ping_status":"closed","sticky":false,"template":"","format":"standard","meta":{"footnotes":""},"categories":[1],"tags":[],"class_list":["post-68325","post","type-post","status-publish","format-standard","has-post-thumbnail","hentry","category-noticias"],"_links":{"self":[{"href":"https:\/\/24formosa.com.ar\/index.php?rest_route=\/wp\/v2\/posts\/68325","targetHints":{"allow":["GET"]}}],"collection":[{"href":"https:\/\/24formosa.com.ar\/index.php?rest_route=\/wp\/v2\/posts"}],"about":[{"href":"https:\/\/24formosa.com.ar\/index.php?rest_route=\/wp\/v2\/types\/post"}],"author":[{"embeddable":true,"href":"https:\/\/24formosa.com.ar\/index.php?rest_route=\/wp\/v2\/users\/8"}],"replies":[{"embeddable":true,"href":"https:\/\/24formosa.com.ar\/index.php?rest_route=%2Fwp%2Fv2%2Fcomments&post=68325"}],"version-history":[{"count":1,"href":"https:\/\/24formosa.com.ar\/index.php?rest_route=\/wp\/v2\/posts\/68325\/revisions"}],"predecessor-version":[{"id":68327,"href":"https:\/\/24formosa.com.ar\/index.php?rest_route=\/wp\/v2\/posts\/68325\/revisions\/68327"}],"wp:featuredmedia":[{"embeddable":true,"href":"https:\/\/24formosa.com.ar\/index.php?rest_route=\/wp\/v2\/media\/68326"}],"wp:attachment":[{"href":"https:\/\/24formosa.com.ar\/index.php?rest_route=%2Fwp%2Fv2%2Fmedia&parent=68325"}],"wp:term":[{"taxonomy":"category","embeddable":true,"href":"https:\/\/24formosa.com.ar\/index.php?rest_route=%2Fwp%2Fv2%2Fcategories&post=68325"},{"taxonomy":"post_tag","embeddable":true,"href":"https:\/\/24formosa.com.ar\/index.php?rest_route=%2Fwp%2Fv2%2Ftags&post=68325"}],"curies":[{"name":"wp","href":"https:\/\/api.w.org\/{rel}","templated":true}]}}