{"id":68322,"date":"2025-08-05T22:34:50","date_gmt":"2025-08-06T01:34:50","guid":{"rendered":"https:\/\/24formosa.com.ar\/?p=68322"},"modified":"2025-08-05T22:34:51","modified_gmt":"2025-08-06T01:34:51","slug":"se-convoco-a-participar-en-la-ronda-de-negocios-de-la-union-industrial-del-paraguay","status":"publish","type":"post","link":"https:\/\/24formosa.com.ar\/?p=68322","title":{"rendered":"Se convoc\u00f3 a participar en la ronda de negocios de la Uni\u00f3n Industrial del Paraguay"},"content":{"rendered":"\n<p><em>Este martes 5 de agosto, en las oficinas de la Agencia de Desarrollo Empresarial (ADE), se realiz\u00f3 una conferencia de prensa con el fin de convocar a participar de la ronda de negocios de la Uni\u00f3n Industrial Paraguaya, que se realizar\u00e1 en el marco de la Feria Empresarial del Paraguay a celebrarse del 20 al 22 de agosto en Asunci\u00f3n.<\/em><\/p>\n\n\n\n<p>Estuvieron presentes el subsecretario de Desarrollo Econ\u00f3mico, Horacio Cosenza; el director de Industria, Hidrocarburos y Miner\u00eda, Dar\u00edo Vergara; el director de Parques Industriales, Guillermo Escobar; el presidente de la Uni\u00f3n Industrial de Formosa y presidente de la Agencia de Desarrollo Empresarial (ADE), Jorge Antueno; y el gerente de la ADE, Guillermo Ar\u00e9valo.<\/p>\n\n\n\n<p>El subsecretario Cosenza remarc\u00f3 que \u201cla participaci\u00f3n en las rondas de negocios de la Uni\u00f3n Industrial Paraguaya, es fundamental para las empresas locales, ya que permite explorar oportunidades de compra de insumos estrat\u00e9gicos que faciliten agregar valor a su producci\u00f3n. Esto no solo fortalece la competitividad de las empresas formose\u00f1as en el mercado regional, sino que tambi\u00e9n abre las puertas para expandirse a nivel nacional e internacional\u201d.<\/p>\n\n\n\n<p>\u201cParticipar en estos encuentros es una oportunidad clave para establecer alianzas, acceder a nuevos recursos y potenciar el crecimiento econ\u00f3mico de la provincia, consolidando a Formosa como un actor relevante en la cadena productiva regional\u201d, dijo Cosenza.<\/p>\n\n\n\n<p>\u201cEl evento es clave para fortalecer la cooperaci\u00f3n y las oportunidades comerciales en la regi\u00f3n\u201d, destac\u00f3 Ar\u00e9valo y, es por ello, que \u201cestamos trabajando en la participaci\u00f3n de empresas formose\u00f1as, ya contamos con m\u00e1s de cuarenta empresas interesadas que buscan ampliar sus horizontes y establecer alianzas estrat\u00e9gicas con empresarios del Paraguay, Bolivia, Brasil, entre otros\u201d.<\/p>\n\n\n\n<p>\u201cDesde la ADE, animamos a las empresas locales a aprovechar esta plataforma para presentar sus productos, servicios y proyectos, fomentando as\u00ed el intercambio comercial y consolidar relaciones comerciales duraderas teniendo en cuenta que Formosa tiene un importante potencial productivo y comercial\u201d, sostuvo.<\/p>\n\n\n\n<p>Por \u00faltimo, se inform\u00f3 que se pueden acercar a las oficinas de la ADE quienes est\u00e9n interesados en participar, la inscripci\u00f3n es gratuita, y un equipo de profesionales ya est\u00e1 trabajando en la convocatoria, adem\u00e1s seguir las&nbsp; redes sociales de la Agencia en la que estar\u00e1 el link de inscripci\u00f3n para participar.<\/p>\n","protected":false},"excerpt":{"rendered":"<p>Este martes 5 de agosto, en las oficinas de la Agencia de Desarrollo Empresarial (ADE),<\/p>\n","protected":false},"author":8,"featured_media":68323,"comment_status":"closed","ping_status":"closed","sticky":false,"template":"","format":"standard","meta":{"footnotes":""},"categories":[1],"tags":[],"class_list":["post-68322","post","type-post","status-publish","format-standard","has-post-thumbnail","hentry","category-noticias"],"_links":{"self":[{"href":"https:\/\/24formosa.com.ar\/index.php?rest_route=\/wp\/v2\/posts\/68322","targetHints":{"allow":["GET"]}}],"collection":[{"href":"https:\/\/24formosa.com.ar\/index.php?rest_route=\/wp\/v2\/posts"}],"about":[{"href":"https:\/\/24formosa.com.ar\/index.php?rest_route=\/wp\/v2\/types\/post"}],"author":[{"embeddable":true,"href":"https:\/\/24formosa.com.ar\/index.php?rest_route=\/wp\/v2\/users\/8"}],"replies":[{"embeddable":true,"href":"https:\/\/24formosa.com.ar\/index.php?rest_route=%2Fwp%2Fv2%2Fcomments&post=68322"}],"version-history":[{"count":1,"href":"https:\/\/24formosa.com.ar\/index.php?rest_route=\/wp\/v2\/posts\/68322\/revisions"}],"predecessor-version":[{"id":68324,"href":"https:\/\/24formosa.com.ar\/index.php?rest_route=\/wp\/v2\/posts\/68322\/revisions\/68324"}],"wp:featuredmedia":[{"embeddable":true,"href":"https:\/\/24formosa.com.ar\/index.php?rest_route=\/wp\/v2\/media\/68323"}],"wp:attachment":[{"href":"https:\/\/24formosa.com.ar\/index.php?rest_route=%2Fwp%2Fv2%2Fmedia&parent=68322"}],"wp:term":[{"taxonomy":"category","embeddable":true,"href":"https:\/\/24formosa.com.ar\/index.php?rest_route=%2Fwp%2Fv2%2Fcategories&post=68322"},{"taxonomy":"post_tag","embeddable":true,"href":"https:\/\/24formosa.com.ar\/index.php?rest_route=%2Fwp%2Fv2%2Ftags&post=68322"}],"curies":[{"name":"wp","href":"https:\/\/api.w.org\/{rel}","templated":true}]}}