{"id":68319,"date":"2025-08-05T22:33:04","date_gmt":"2025-08-06T01:33:04","guid":{"rendered":"https:\/\/24formosa.com.ar\/?p=68319"},"modified":"2025-08-05T22:33:04","modified_gmt":"2025-08-06T01:33:04","slug":"tenemos-empresas-a-un-paso-de-exportar-sus-productos-senalo-vergara","status":"publish","type":"post","link":"https:\/\/24formosa.com.ar\/?p=68319","title":{"rendered":"\u201cTenemos empresas a un paso de exportar sus productos\u201d, se\u00f1al\u00f3 Vergara"},"content":{"rendered":"\n<p><em>El director de Industria, Hidrocarburos y Miner\u00eda, Dar\u00edo Vergara, se refiri\u00f3 a las Rondas de Negocios organizadas por la Uni\u00f3n Industrial Paraguaya en el marco de la Feria Empresarial Paraguaya que se realizar\u00e1 del 20 al 22 de agosto en Asunci\u00f3n, a la que fueron invitadas empresas locales.<\/em><\/p>\n\n\n\n<p>Se\u00f1al\u00f3 que puntualmente hay una invitaci\u00f3n concreta a participar a empresarios de los rubros qu\u00edmico, forestal, textil, de la construcci\u00f3n y afines, que permitir\u00edan fortalecer los v\u00ednculos comerciales con el vecino pa\u00eds, ya existentes.<\/p>\n\n\n\n<p>En ese sentido, precis\u00f3 en contacto con la&nbsp;<strong><em>Agencia de Noticias Formosa<\/em><\/strong>&nbsp;<strong><em>(AGENFOR)&nbsp;<\/em><\/strong>que \u201cvarias empresas hace tres a\u00f1os han iniciado una agenda de exportaci\u00f3n, que no es tan f\u00e1cil\u201d y coment\u00f3 que como Gobierno provincial se prest\u00f3 colaboraci\u00f3n con financiamiento, gestiones y v\u00ednculos.<\/p>\n\n\n\n<figure class=\"wp-block-image\"><a href=\"https:\/\/agenfor.com.ar\/wp-content\/uploads\/2025\/08\/b3f664b0-92f1-49a0-ab9f-42ecd1c67b04.jpeg\"><img decoding=\"async\" src=\"https:\/\/agenfor.com.ar\/wp-content\/uploads\/2025\/08\/b3f664b0-92f1-49a0-ab9f-42ecd1c67b04.jpeg\" alt=\"\" class=\"wp-image-238554\"\/><\/a><figcaption class=\"wp-element-caption\"><strong><em>Dar\u00edo Vergara, director de Industria de la provincia<\/em><\/strong><\/figcaption><\/figure>\n\n\n\n<p>Revel\u00f3, asimismo, que \u201cactualmente ya tenemos empresas a un paso de estar exportando cierto tipo de productos y tambi\u00e9n tenemos muchas empresas que est\u00e1n importando y por sobre todo importando bienes de capital para ampliar la capacidad de producci\u00f3n\u201d.<\/p>\n\n\n\n<p>Dijo que pueden mencionarse al menos cinco casos de &nbsp;m\u00e1quinas, equipos y l\u00edneas completas de producci\u00f3n que ya fueron instaladas y puestas en marcha en la provincia.<\/p>\n\n\n\n<p>Al profundizar en las empresas que podr\u00edan exportar sus productos mencion\u00f3 FEDHEC SA, dedicada a la producci\u00f3n de alimentos balanceados y suplementos nutricionales para el sector agropecuario con base en El Colorado, al se\u00f1alar que trabajan con Paraguay y su sector ganadero, restando poco tiempo para la exportaci\u00f3n.<\/p>\n\n\n\n<p>\u201cEst\u00e1n esperando ciertas autorizaciones de productos, tienen la estructura en el negocio montado tambi\u00e9n en Paraguay\u201d, enfatiz\u00f3. Y mencion\u00f3 que la otra empresa es Cloronor, radicada en el Parque Industrial, con producci\u00f3n de alta calidad para el tratamiento del agua.<\/p>\n\n\n\n<p>\u201cSignifica seguir fortaleciendo el agregado de valor local verdaderamente eso motiva la ampliaci\u00f3n de la capacidad productiva, motiva la generaci\u00f3n de fuentes de trabajo, motiva que el empleo se siga fortaleciendo. Eso para todo el entramado productivo es muy importante\u201d, expres\u00f3 Vergara.<\/p>\n","protected":false},"excerpt":{"rendered":"<p>El director de Industria, Hidrocarburos y Miner\u00eda, Dar\u00edo Vergara, se refiri\u00f3 a las Rondas de<\/p>\n","protected":false},"author":8,"featured_media":68320,"comment_status":"closed","ping_status":"closed","sticky":false,"template":"","format":"standard","meta":{"footnotes":""},"categories":[1],"tags":[],"class_list":["post-68319","post","type-post","status-publish","format-standard","has-post-thumbnail","hentry","category-noticias"],"_links":{"self":[{"href":"https:\/\/24formosa.com.ar\/index.php?rest_route=\/wp\/v2\/posts\/68319","targetHints":{"allow":["GET"]}}],"collection":[{"href":"https:\/\/24formosa.com.ar\/index.php?rest_route=\/wp\/v2\/posts"}],"about":[{"href":"https:\/\/24formosa.com.ar\/index.php?rest_route=\/wp\/v2\/types\/post"}],"author":[{"embeddable":true,"href":"https:\/\/24formosa.com.ar\/index.php?rest_route=\/wp\/v2\/users\/8"}],"replies":[{"embeddable":true,"href":"https:\/\/24formosa.com.ar\/index.php?rest_route=%2Fwp%2Fv2%2Fcomments&post=68319"}],"version-history":[{"count":1,"href":"https:\/\/24formosa.com.ar\/index.php?rest_route=\/wp\/v2\/posts\/68319\/revisions"}],"predecessor-version":[{"id":68321,"href":"https:\/\/24formosa.com.ar\/index.php?rest_route=\/wp\/v2\/posts\/68319\/revisions\/68321"}],"wp:featuredmedia":[{"embeddable":true,"href":"https:\/\/24formosa.com.ar\/index.php?rest_route=\/wp\/v2\/media\/68320"}],"wp:attachment":[{"href":"https:\/\/24formosa.com.ar\/index.php?rest_route=%2Fwp%2Fv2%2Fmedia&parent=68319"}],"wp:term":[{"taxonomy":"category","embeddable":true,"href":"https:\/\/24formosa.com.ar\/index.php?rest_route=%2Fwp%2Fv2%2Fcategories&post=68319"},{"taxonomy":"post_tag","embeddable":true,"href":"https:\/\/24formosa.com.ar\/index.php?rest_route=%2Fwp%2Fv2%2Ftags&post=68319"}],"curies":[{"name":"wp","href":"https:\/\/api.w.org\/{rel}","templated":true}]}}