{"id":68316,"date":"2025-08-05T22:30:39","date_gmt":"2025-08-06T01:30:39","guid":{"rendered":"https:\/\/24formosa.com.ar\/?p=68316"},"modified":"2025-08-05T22:30:40","modified_gmt":"2025-08-06T01:30:40","slug":"el-programa-territorial-identidad-formosena-despliega-operativos-en-el-oeste-durante-tres-dias","status":"publish","type":"post","link":"https:\/\/24formosa.com.ar\/?p=68316","title":{"rendered":"El Programa Territorial \u201cIdentidad Formose\u00f1a\u201d despliega operativos en el oeste durante tres d\u00edas"},"content":{"rendered":"\n<p><em>A trav\u00e9s de un gran despliegue del Gobierno de Formosa por diferentes comunidades que est\u00e1n en el oeste provincial, adyacentes a la ruta nacional N\u00b0 86, que comenz\u00f3 este martes 5 y se extender\u00e1 hasta el jueves 7, el Programa Territorial \u201cIdentidad Formose\u00f1a\u201d le brinda a quienes residen en esa regi\u00f3n la posibilidad de gestionar, sin ning\u00fan tipo de costo, los tr\u00e1mites de DNI y licencias de conducir.<\/em><\/p>\n\n\n\n<p>Ello, adem\u00e1s, coincidi\u00f3 con la visita del vicegobernador Eber Sol\u00eds a la zona, acompa\u00f1ando al programa en su primera jornada de trabajo, tanto en El Sauzalito como en Puerto Irigoyen. Es decir que fueron los puntos donde se concentraron las tareas teni\u00e9ndose &nbsp;como sedes a los establecimientos de la EPEP N\u00b0 551 y la EPEP N\u00b0 552.<\/p>\n\n\n\n<p>Al respecto, Facundo Ramos, director de Planificaci\u00f3n y Monitoreo del Ministerio de Gobierno, Justicia, Seguridad y Trabajo de la provincia de Formosa, se\u00f1al\u00f3 a la&nbsp;<strong><em>Agencia de Noticias Formosa (AGENFOR)<\/em><\/strong>&nbsp;que los operativos continuar\u00e1n el mi\u00e9rcoles 6 en El Solitario (EPEP N\u00b0 486) y en R\u00edo Muerto (AER N\u00b0 90).<\/p>\n\n\n\n<p>Despu\u00e9s el jueves 7 en las comunidades abor\u00edgenes de El Descanso (EPEP N\u00b0 442, Pozo Molina (EPEP N\u00b0 449) y La Esperanza (EPEP N\u00b0 449). Y en todos los casos, las jornadas se realizan de 9 a 14 horas. Para obtener la licencia de conducir, es obligatorio hacer el taller y aprobar el examen, se aclar\u00f3.<\/p>\n\n\n\n<figure class=\"wp-block-image\"><a href=\"https:\/\/agenfor.com.ar\/wp-content\/uploads\/2025\/08\/528022818_1075863518062988_8249605311326723827_n.jpg\"><img decoding=\"async\" src=\"https:\/\/agenfor.com.ar\/wp-content\/uploads\/2025\/08\/528022818_1075863518062988_8249605311326723827_n-768x1024.jpg\" alt=\"\" class=\"wp-image-238599\"\/><\/a><\/figure>\n\n\n\n<p>Especialmente, Ramos valor\u00f3 que la gesti\u00f3n de cualquiera de los tr\u00e1mites que se ofrecen dentro del programa \u201cno tiene ning\u00fan costo para el beneficiario porque lo asume el Gobierno provincial\u201d, por ello, resalt\u00f3 el rol que asume el Estado en todo esto.<\/p>\n\n\n\n<p>Del mismo modo que en todas las comunidades se cuenta con los servicios esenciales, citando el caso de la conectividad en los establecimientos educativos, permiti\u00e9ndoles esto \u201cpoder gestionar los tr\u00e1mites como en cualquier otro sitio de la provincia\u201d.<\/p>\n\n\n\n<p>As\u00ed es como se observa \u201cla presencia del Estado provincial, con justicia social equidad territorial e igualdad de oportunidades\u201d, realz\u00f3, y \u201cpor una decisi\u00f3n pol\u00edtica del gobernador Gildo Insfr\u00e1n\u201d. Por lo tanto, \u201cno hay diferencias en la accesibilidad de derechos\u201d fruto de las pol\u00edticas p\u00fablicas planificadas por el Modelo Formose\u00f1o. &nbsp;<\/p>\n","protected":false},"excerpt":{"rendered":"<p>A trav\u00e9s de un gran despliegue del Gobierno de Formosa por diferentes comunidades que est\u00e1n<\/p>\n","protected":false},"author":8,"featured_media":68317,"comment_status":"closed","ping_status":"closed","sticky":false,"template":"","format":"standard","meta":{"footnotes":""},"categories":[1],"tags":[],"class_list":["post-68316","post","type-post","status-publish","format-standard","has-post-thumbnail","hentry","category-noticias"],"_links":{"self":[{"href":"https:\/\/24formosa.com.ar\/index.php?rest_route=\/wp\/v2\/posts\/68316","targetHints":{"allow":["GET"]}}],"collection":[{"href":"https:\/\/24formosa.com.ar\/index.php?rest_route=\/wp\/v2\/posts"}],"about":[{"href":"https:\/\/24formosa.com.ar\/index.php?rest_route=\/wp\/v2\/types\/post"}],"author":[{"embeddable":true,"href":"https:\/\/24formosa.com.ar\/index.php?rest_route=\/wp\/v2\/users\/8"}],"replies":[{"embeddable":true,"href":"https:\/\/24formosa.com.ar\/index.php?rest_route=%2Fwp%2Fv2%2Fcomments&post=68316"}],"version-history":[{"count":1,"href":"https:\/\/24formosa.com.ar\/index.php?rest_route=\/wp\/v2\/posts\/68316\/revisions"}],"predecessor-version":[{"id":68318,"href":"https:\/\/24formosa.com.ar\/index.php?rest_route=\/wp\/v2\/posts\/68316\/revisions\/68318"}],"wp:featuredmedia":[{"embeddable":true,"href":"https:\/\/24formosa.com.ar\/index.php?rest_route=\/wp\/v2\/media\/68317"}],"wp:attachment":[{"href":"https:\/\/24formosa.com.ar\/index.php?rest_route=%2Fwp%2Fv2%2Fmedia&parent=68316"}],"wp:term":[{"taxonomy":"category","embeddable":true,"href":"https:\/\/24formosa.com.ar\/index.php?rest_route=%2Fwp%2Fv2%2Fcategories&post=68316"},{"taxonomy":"post_tag","embeddable":true,"href":"https:\/\/24formosa.com.ar\/index.php?rest_route=%2Fwp%2Fv2%2Ftags&post=68316"}],"curies":[{"name":"wp","href":"https:\/\/api.w.org\/{rel}","templated":true}]}}