{"id":68309,"date":"2025-08-05T22:27:31","date_gmt":"2025-08-06T01:27:31","guid":{"rendered":"https:\/\/24formosa.com.ar\/?p=68309"},"modified":"2025-08-05T22:27:31","modified_gmt":"2025-08-06T01:27:31","slug":"solis-estos-encuentros-refuerzan-nuestro-compromiso-con-cada-formoseno-sin-importar-la-distancia-geografica","status":"publish","type":"post","link":"https:\/\/24formosa.com.ar\/?p=68309","title":{"rendered":"Sol\u00eds: \u201cEstos encuentros refuerzan nuestro compromiso con cada formose\u00f1o sin importar la distancia geogr\u00e1fica\u201d"},"content":{"rendered":"\n<p><em>En el marco de su recorrida por el oeste provincial, el vicegobernador Eber Sol\u00eds se reuni\u00f3, en la tarde de este martes 5, con pobladores de El Sauzalito, Puerto Irigoyen, El Solitario y R\u00edo Muerto.<\/em><\/p>\n\n\n\n<p>All\u00ed, Sol\u00eds comparti\u00f3 \u201cel fraterno saludo de nuestro querido gobernador, el doctor Gildo Insfr\u00e1n, quien nos env\u00eda a estar siempre al lado del pueblo, tal como lo hemos hecho hasta hoy\u201d y expres\u00f3 que \u201cestos encuentros refuerzan nuestro compromiso con cada formose\u00f1o y formose\u00f1a, sin importar la distancia geogr\u00e1fica\u201d.<\/p>\n\n\n\n<p>Y subray\u00f3 que \u201cgracias a la gesti\u00f3n de nuestro Gobernador, y utilizando recursos propios, seguimos dando respuestas concretas a las demandas del territorio, garantizando justicia social y equidad territorial\u201d.<\/p>\n\n\n\n<p>Asimismo, sostuvo que \u201cla pol\u00edtica que transforma y hace vivir mejor a la gente, es la pol\u00edtica que la gente espera\u201d y asegur\u00f3 que \u201cesa es la funci\u00f3n que el compa\u00f1ero Gildo ha llevado adelante siempre, y es la que va a seguir llevando adelante\u201d.<\/p>\n\n\n\n<figure class=\"wp-block-image\"><a href=\"https:\/\/agenfor.com.ar\/wp-content\/uploads\/2025\/08\/Recorrida-Solis6.jpg\"><img decoding=\"async\" src=\"https:\/\/agenfor.com.ar\/wp-content\/uploads\/2025\/08\/Recorrida-Solis6-1024x683.jpg\" alt=\"\" class=\"wp-image-238628\"\/><\/a><\/figure>\n\n\n\n<p>Subray\u00f3 que estas comunidades \u201csimbolizan muchas cosas\u201d, porque \u201cmuestran la presencia del Estado\u201d, marcando que \u201choy a nivel nacional hay un Gobierno que dice que el Estado debe desaparecer\u201d, refiri\u00e9ndose a la Presidencia de Javier Milei.<\/p>\n\n\n\n<p>\u201cEn Formosa hay un Estado presente que trabaja con planificaci\u00f3n, inclusi\u00f3n y respeto hacia cada comunidad. Esta cercan\u00eda es fundamental para sostener la paz social y la unidad de nuestro pueblo\u201d, asever\u00f3.<\/p>\n\n\n\n<p>De esta manera, manifest\u00f3 que \u201cmientras el Modelo Formose\u00f1o conducido por el compa\u00f1ero Gildo Insfr\u00e1n siga estando en Formosa todo eso se va a garantizar y defender\u201d.<\/p>\n\n\n\n<p>Sol\u00eds expres\u00f3 tambi\u00e9n que \u201ccomo militante no nos entra en la cabeza cuando hay alg\u00fan comprovinciano que pueda apoyar o acompa\u00f1ar al Gobierno nacional, porque ellos dicen que el Estado debe desaparecer, y si ustedes no tienen la posibilidad, es problema de ustedes\u201d, sin embargo, reiter\u00f3 que \u201cpara nosotros (Gobierno de Formosa) eso no puede ser as\u00ed, por eso venimos siempre\u201d.<\/p>\n\n\n\n<figure class=\"wp-block-image\"><a href=\"https:\/\/agenfor.com.ar\/wp-content\/uploads\/2025\/08\/Recorrida-Solis4.jpg\"><img decoding=\"async\" src=\"https:\/\/agenfor.com.ar\/wp-content\/uploads\/2025\/08\/Recorrida-Solis4-1024x683.jpg\" alt=\"\" class=\"wp-image-238626\"\/><\/a><\/figure>\n\n\n\n<p>Tambi\u00e9n inst\u00f3 a \u201cno dejarse enga\u00f1ar ni utilizar por gente que viene de afuera y les llevan a Buenos Aires para sacarse una foto\u201d, porque \u201clo \u00fanico que dio y va a seguir dando respuestas a ustedes es este proyecto pol\u00edtico\u201d, dijo por el Modelo Formose\u00f1o.<\/p>\n\n\n\n<p>Al concluir pidi\u00f3 a todos \u201ccuidar lo que con tanto fuerza se construye como comunidad y fundamentalmente seamos unidos, no dejemos que vengan de afuera a querer separarnos o a pelearnos\u201d.&nbsp;<\/p>\n","protected":false},"excerpt":{"rendered":"<p>En el marco de su recorrida por el oeste provincial, el vicegobernador Eber Sol\u00eds se<\/p>\n","protected":false},"author":8,"featured_media":68311,"comment_status":"closed","ping_status":"closed","sticky":false,"template":"","format":"standard","meta":{"footnotes":""},"categories":[1],"tags":[],"class_list":["post-68309","post","type-post","status-publish","format-standard","has-post-thumbnail","hentry","category-noticias"],"_links":{"self":[{"href":"https:\/\/24formosa.com.ar\/index.php?rest_route=\/wp\/v2\/posts\/68309","targetHints":{"allow":["GET"]}}],"collection":[{"href":"https:\/\/24formosa.com.ar\/index.php?rest_route=\/wp\/v2\/posts"}],"about":[{"href":"https:\/\/24formosa.com.ar\/index.php?rest_route=\/wp\/v2\/types\/post"}],"author":[{"embeddable":true,"href":"https:\/\/24formosa.com.ar\/index.php?rest_route=\/wp\/v2\/users\/8"}],"replies":[{"embeddable":true,"href":"https:\/\/24formosa.com.ar\/index.php?rest_route=%2Fwp%2Fv2%2Fcomments&post=68309"}],"version-history":[{"count":1,"href":"https:\/\/24formosa.com.ar\/index.php?rest_route=\/wp\/v2\/posts\/68309\/revisions"}],"predecessor-version":[{"id":68312,"href":"https:\/\/24formosa.com.ar\/index.php?rest_route=\/wp\/v2\/posts\/68309\/revisions\/68312"}],"wp:featuredmedia":[{"embeddable":true,"href":"https:\/\/24formosa.com.ar\/index.php?rest_route=\/wp\/v2\/media\/68311"}],"wp:attachment":[{"href":"https:\/\/24formosa.com.ar\/index.php?rest_route=%2Fwp%2Fv2%2Fmedia&parent=68309"}],"wp:term":[{"taxonomy":"category","embeddable":true,"href":"https:\/\/24formosa.com.ar\/index.php?rest_route=%2Fwp%2Fv2%2Fcategories&post=68309"},{"taxonomy":"post_tag","embeddable":true,"href":"https:\/\/24formosa.com.ar\/index.php?rest_route=%2Fwp%2Fv2%2Ftags&post=68309"}],"curies":[{"name":"wp","href":"https:\/\/api.w.org\/{rel}","templated":true}]}}