{"id":68306,"date":"2025-08-01T22:31:16","date_gmt":"2025-08-02T01:31:16","guid":{"rendered":"https:\/\/24formosa.com.ar\/?p=68306"},"modified":"2025-08-01T22:31:18","modified_gmt":"2025-08-02T01:31:18","slug":"el-vicegobernador-participo-del-3-torneo-de-futbol-infantil-pinchitas-en-pirane","status":"publish","type":"post","link":"https:\/\/24formosa.com.ar\/?p=68306","title":{"rendered":"El Vicegobernador particip\u00f3 del 3\u00b0 Torneo de F\u00fatbol Infantil \u201cPinchitas\u201d en Piran\u00e9"},"content":{"rendered":"\n<p><em>Durante el \u00faltimo fin de semana de julio, el vicegobernador Eber Wilson Sol\u00eds presenci\u00f3 la apertura de la tercera edici\u00f3n del Torneo de F\u00fatbol Infantil \u201cPinchitas\u201d en el Club Estudiantes de Piran\u00e9, un evento que reuni\u00f3 a j\u00f3venes promesas del deporte de toda la provincia y la regi\u00f3n.<\/em><\/p>\n\n\n\n<p>Adem\u00e1s, estuvo presente la intendenta local Y\u00e9ssica Palacios y el presidente del Honorable Concejo Deliberante, Mat\u00edas Ram\u00edrez, quienes resaltaron la importancia del deporte como herramienta de inclusi\u00f3n y desarrollo social.<\/p>\n\n\n\n<p>El torneo \u201cPinchitas\u201d se consolid\u00f3 como una verdadera fiesta del f\u00fatbol infantil, con la participaci\u00f3n de selectivos de Argentinos Juniors y River Plate, junto a un total de 45 equipos entre los locales, provenientes de Formosa Capital y el interior de la provincia, adem\u00e1s de equipos que se llegaron desde la provincia del Chaco.<\/p>\n\n\n\n<figure class=\"wp-block-image\"><a href=\"https:\/\/agenfor.com.ar\/wp-content\/uploads\/2025\/08\/Eber-en-Pirane-7.jpeg\"><img decoding=\"async\" src=\"https:\/\/agenfor.com.ar\/wp-content\/uploads\/2025\/08\/Eber-en-Pirane-7-1024x682.jpeg\" alt=\"\" class=\"wp-image-238166\"\/><\/a><\/figure>\n\n\n\n<p>H\u00e9ctor \u201cItu\u201d Galeano, presidente del Club Estudiantes, destac\u00f3 el apoyo fundamental del Gobierno de Formosa para la realizaci\u00f3n del evento.<\/p>\n\n\n\n<p>\u00abEs fundamental ese acompa\u00f1amiento, sino esto ser\u00eda muy dif\u00edcil de realizar. Es una muestra m\u00e1s de que hay un Estado presente acompa\u00f1ando a nuestros ni\u00f1os y ni\u00f1as que disfrutan de jugar a la pelota y muchos tambi\u00e9n sue\u00f1an con llegar muy alto en este deporte\u00bb, afirm\u00f3 Galeano.<\/p>\n\n\n\n<p>Y agreg\u00f3 que \u201cel gobernador Gildo Insfr\u00e1n est\u00e9 siempre predispuesto a ayudar y que el vicegobernador nos acompa\u00f1e en la apertura, habla a las claras de que cuando se dice que el deporte es una cuesti\u00f3n de Estado en Formosa, no son s\u00f3lo palabras sino una intenci\u00f3n pol\u00edtica de generar y acompa\u00f1ar estos espacios\u201d.<\/p>\n\n\n\n<figure class=\"wp-block-image\"><a href=\"https:\/\/agenfor.com.ar\/wp-content\/uploads\/2025\/08\/Eber-en-Pirane-8.jpeg\"><img decoding=\"async\" src=\"https:\/\/agenfor.com.ar\/wp-content\/uploads\/2025\/08\/Eber-en-Pirane-8-1024x682.jpeg\" alt=\"\" class=\"wp-image-238167\"\/><\/a><\/figure>\n\n\n\n<p>Adem\u00e1s agradeci\u00f3 tambi\u00e9n al subsecretario de Deportes y Recreaci\u00f3n Comunitaria de Formosa, Mario Romay, quien estuvo al pendiente en los detalles de la organizaci\u00f3n del torneo.<\/p>\n\n\n\n<p>Tanto el equipo Selectivo de River Plate, como Marcelo Pe\u00f1aloza, coordinador regional de Argentinos Juniors para la regi\u00f3n norte del pa\u00eds, resaltaron el compromiso del Gobierno de Formosa con el deporte infantil.<\/p>\n\n\n\n<figure class=\"wp-block-image\"><a href=\"https:\/\/agenfor.com.ar\/wp-content\/uploads\/2025\/08\/Eber-en-Pirane-5.jpeg\"><img decoding=\"async\" src=\"https:\/\/agenfor.com.ar\/wp-content\/uploads\/2025\/08\/Eber-en-Pirane-5-1024x682.jpeg\" alt=\"\" class=\"wp-image-238164\"\/><\/a><\/figure>\n\n\n\n<p>\u201cTener un Estado presente es darle la oportunidad a que estos ni\u00f1os puedan disfrutar y seguir trabajando por el sue\u00f1o de cada uno de ellos, desarroll\u00e1ndose haciendo lo que les gusta, que es jugar al f\u00fatbol\u201d, se\u00f1al\u00f3 Pe\u00f1aloza.<\/p>\n\n\n\n<p>Mientras tanto, los chicos del Club Estudiantes se preparan para enfrentar nuevos desaf\u00edos locales y continuar participando en torneos regionales, llevando el nombre de Piran\u00e9 a lo m\u00e1s alto.<\/p>\n","protected":false},"excerpt":{"rendered":"<p>Durante el \u00faltimo fin de semana de julio, el vicegobernador Eber Wilson Sol\u00eds presenci\u00f3 la<\/p>\n","protected":false},"author":8,"featured_media":68307,"comment_status":"closed","ping_status":"closed","sticky":false,"template":"","format":"standard","meta":{"footnotes":""},"categories":[1],"tags":[],"class_list":["post-68306","post","type-post","status-publish","format-standard","has-post-thumbnail","hentry","category-noticias"],"_links":{"self":[{"href":"https:\/\/24formosa.com.ar\/index.php?rest_route=\/wp\/v2\/posts\/68306","targetHints":{"allow":["GET"]}}],"collection":[{"href":"https:\/\/24formosa.com.ar\/index.php?rest_route=\/wp\/v2\/posts"}],"about":[{"href":"https:\/\/24formosa.com.ar\/index.php?rest_route=\/wp\/v2\/types\/post"}],"author":[{"embeddable":true,"href":"https:\/\/24formosa.com.ar\/index.php?rest_route=\/wp\/v2\/users\/8"}],"replies":[{"embeddable":true,"href":"https:\/\/24formosa.com.ar\/index.php?rest_route=%2Fwp%2Fv2%2Fcomments&post=68306"}],"version-history":[{"count":1,"href":"https:\/\/24formosa.com.ar\/index.php?rest_route=\/wp\/v2\/posts\/68306\/revisions"}],"predecessor-version":[{"id":68308,"href":"https:\/\/24formosa.com.ar\/index.php?rest_route=\/wp\/v2\/posts\/68306\/revisions\/68308"}],"wp:featuredmedia":[{"embeddable":true,"href":"https:\/\/24formosa.com.ar\/index.php?rest_route=\/wp\/v2\/media\/68307"}],"wp:attachment":[{"href":"https:\/\/24formosa.com.ar\/index.php?rest_route=%2Fwp%2Fv2%2Fmedia&parent=68306"}],"wp:term":[{"taxonomy":"category","embeddable":true,"href":"https:\/\/24formosa.com.ar\/index.php?rest_route=%2Fwp%2Fv2%2Fcategories&post=68306"},{"taxonomy":"post_tag","embeddable":true,"href":"https:\/\/24formosa.com.ar\/index.php?rest_route=%2Fwp%2Fv2%2Ftags&post=68306"}],"curies":[{"name":"wp","href":"https:\/\/api.w.org\/{rel}","templated":true}]}}