{"id":68297,"date":"2025-08-01T22:21:58","date_gmt":"2025-08-02T01:21:58","guid":{"rendered":"https:\/\/24formosa.com.ar\/?p=68297"},"modified":"2025-08-01T22:22:00","modified_gmt":"2025-08-02T01:22:00","slug":"cana-con-ruda-al-paso-compartiendo-una-tradicion-ancestral","status":"publish","type":"post","link":"https:\/\/24formosa.com.ar\/?p=68297","title":{"rendered":"Ca\u00f1a con ruda al paso: Compartiendo una tradici\u00f3n ancestral"},"content":{"rendered":"\n<p><em>La Direcci\u00f3n de Patrimonio Socio Cultural de la Subsecretar\u00eda de Cultura se sum\u00f3 este viernes 1\u00b0 de agosto a la tradici\u00f3n ancestral del norte, ofreciendo a los ciudadanos que pasaron por el frente del Museo, ca\u00f1a con ruda.<\/em><\/p>\n\n\n\n<p>La actividad tuvo lugar en la Avenida 25 de Mayo esquina Belgrano, en la ciudad capital, donde se encuentra ubicado el Museo Hist\u00f3rico y Regional \u201cJuan Pablo Duffard\u201d, y all\u00ed, seg\u00fan la tradici\u00f3n se invit\u00f3 a beber en ayunas, tres tragos de ca\u00f1a con ruda para \u201cespantar los males del invierno y atraer la salud y buena energ\u00eda\u201d.<\/p>\n\n\n\n<p>Se explic\u00f3 que este saber popular fue declarado Patrimonio Cultural Inmaterial de la provincia de Formosa por Resoluci\u00f3n N\u00ba 38\/22 de la Subsecretar\u00eda de Cultura.<\/p>\n\n\n\n<p>Esta pr\u00e1ctica proviene del siglo XVI, cuando los guaran\u00edes comenzaron a utilizar la ruda macho que proven\u00eda de Espa\u00f1a, con la creencia de que era una planta medicinal y m\u00e1gica.<\/p>\n\n\n\n<p>La tradici\u00f3n indica que el primer d\u00eda del octavo mes del a\u00f1o, se deben tomar tres tragos de la ca\u00f1a con ruda para alejar los males.<\/p>\n\n\n\n<figure class=\"wp-block-image\"><a href=\"https:\/\/agenfor.com.ar\/wp-content\/uploads\/2025\/08\/Silvia-Gastiaburo.jpeg\"><img decoding=\"async\" src=\"https:\/\/agenfor.com.ar\/wp-content\/uploads\/2025\/08\/Silvia-Gastiaburo.jpeg\" alt=\"\" class=\"wp-image-238144\"\/><\/a><\/figure>\n\n\n\n<p>Silvia Gastiaburo, responsable del Museo, record\u00f3 que hace varios a\u00f1os cumplen con esta tradici\u00f3n, con gran aceptaci\u00f3n del p\u00fablico, y que apunta a promover \u201cel patrimonio inmaterial de los formose\u00f1os y de la regi\u00f3n en s\u00ed\u201d.<\/p>\n\n\n\n<p>En contacto con la&nbsp;<strong><em>Agencia de Noticias Formosa (AGENFOR)<\/em><\/strong>&nbsp;cont\u00f3 que los transe\u00fantes se suman a esta propuesta, cumpliendo adem\u00e1s esta costumbre que fue heredada en las distintas familias. \u201cA los j\u00f3venes les contamos de qu\u00e9 se trata, nuestra tarea es que el legado siga\u201d, afirm\u00f3.<\/p>\n","protected":false},"excerpt":{"rendered":"<p>La Direcci\u00f3n de Patrimonio Socio Cultural de la Subsecretar\u00eda de Cultura se sum\u00f3 este viernes<\/p>\n","protected":false},"author":8,"featured_media":68298,"comment_status":"closed","ping_status":"closed","sticky":false,"template":"","format":"standard","meta":{"footnotes":""},"categories":[1],"tags":[],"class_list":["post-68297","post","type-post","status-publish","format-standard","has-post-thumbnail","hentry","category-noticias"],"_links":{"self":[{"href":"https:\/\/24formosa.com.ar\/index.php?rest_route=\/wp\/v2\/posts\/68297","targetHints":{"allow":["GET"]}}],"collection":[{"href":"https:\/\/24formosa.com.ar\/index.php?rest_route=\/wp\/v2\/posts"}],"about":[{"href":"https:\/\/24formosa.com.ar\/index.php?rest_route=\/wp\/v2\/types\/post"}],"author":[{"embeddable":true,"href":"https:\/\/24formosa.com.ar\/index.php?rest_route=\/wp\/v2\/users\/8"}],"replies":[{"embeddable":true,"href":"https:\/\/24formosa.com.ar\/index.php?rest_route=%2Fwp%2Fv2%2Fcomments&post=68297"}],"version-history":[{"count":1,"href":"https:\/\/24formosa.com.ar\/index.php?rest_route=\/wp\/v2\/posts\/68297\/revisions"}],"predecessor-version":[{"id":68299,"href":"https:\/\/24formosa.com.ar\/index.php?rest_route=\/wp\/v2\/posts\/68297\/revisions\/68299"}],"wp:featuredmedia":[{"embeddable":true,"href":"https:\/\/24formosa.com.ar\/index.php?rest_route=\/wp\/v2\/media\/68298"}],"wp:attachment":[{"href":"https:\/\/24formosa.com.ar\/index.php?rest_route=%2Fwp%2Fv2%2Fmedia&parent=68297"}],"wp:term":[{"taxonomy":"category","embeddable":true,"href":"https:\/\/24formosa.com.ar\/index.php?rest_route=%2Fwp%2Fv2%2Fcategories&post=68297"},{"taxonomy":"post_tag","embeddable":true,"href":"https:\/\/24formosa.com.ar\/index.php?rest_route=%2Fwp%2Fv2%2Ftags&post=68297"}],"curies":[{"name":"wp","href":"https:\/\/api.w.org\/{rel}","templated":true}]}}