{"id":68288,"date":"2025-08-01T22:09:46","date_gmt":"2025-08-02T01:09:46","guid":{"rendered":"https:\/\/24formosa.com.ar\/?p=68288"},"modified":"2025-08-01T22:09:48","modified_gmt":"2025-08-02T01:09:48","slug":"personal-del-parque-automotor-del-ministerio-de-desarrollo-humano-participa-de-una-importante-capacitacion","status":"publish","type":"post","link":"https:\/\/24formosa.com.ar\/?p=68288","title":{"rendered":"Personal del Parque Automotor del Ministerio de Desarrollo Humano participa de una importante capacitaci\u00f3n"},"content":{"rendered":"\n<p><em>Destinada a incorporar y a poner en pr\u00e1ctica conocimientos para la evaluaci\u00f3n, reparaci\u00f3n y el mejor mantenimiento de los veh\u00edculos.<\/em><\/p>\n\n\n\n<p>A partir del viernes 1\u00b0 de agosto, el personal que se desempe\u00f1a en el Parque Automotor del Ministerio de Desarrollo Humano del Gobierno de Formosa participa de una capacitaci\u00f3n te\u00f3rico pr\u00e1ctica que tiene por finalidad reforzar los conocimientos y el entrenamiento, en cuanto al diagn\u00f3stico y reparaci\u00f3n de los m\u00f3viles que forman parte del parque automotor de ese organismo.<\/p>\n\n\n\n<p>La capacitaci\u00f3n contin\u00faa este s\u00e1bado 2 de agosto con la jornada de cierre. \u201cAmbos d\u00edas son con modalidad presencial porque ya la ven\u00edamos haciendo desde hace un tiempo, a trav\u00e9s de clases virtuales\u201d, coment\u00f3 Rub\u00e9n Luis G\u00f3mez, instructor a cargo de la capacitaci\u00f3n y director del Plan CAP, entidad de alcance nacional dedicada a la formaci\u00f3n del personal que trabaja en el mantenimiento vehicular.<\/p>\n\n\n\n<p>Acerca de eso, detall\u00f3 que ya fueron dictadas 15 horas de capacitaci\u00f3n a distancia con un plan de dos horas por semana. \u201cY, ahora, lo complementamos con esta instancia llamada cl\u00ednica de fallas, donde ponemos en funcionamiento lo aprendido en los encuentros virtuales para evaluar si se est\u00e1n aplicando en los veh\u00edculos, de forma correcta, los procedimientos vistos\u201d.<\/p>\n\n\n\n<figure class=\"wp-block-image\"><a href=\"https:\/\/agenfor.com.ar\/wp-content\/uploads\/2025\/08\/capacitacion-personal-parque-automotor-MDH-6.jpeg\"><img decoding=\"async\" src=\"https:\/\/agenfor.com.ar\/wp-content\/uploads\/2025\/08\/capacitacion-personal-parque-automotor-MDH-6-1024x576.jpeg\" alt=\"\" class=\"wp-image-238245\"\/><\/a><\/figure>\n\n\n\n<p>Explic\u00f3, adem\u00e1s, que la etapa virtual tambi\u00e9n const\u00f3 de pr\u00e1cticas, desarrolladas en las tareas que se le asignaban al grupo \u201crealizadas sobre las camionetas Toyota Hilux, grabadas y evaluadas por los instructores en cada clase para saber el nivel de crecimiento que se iba dando\u201d.<\/p>\n\n\n\n<p>El material grabado \u201cqueda como documento para el Ministerio de Desarrollo Humano, para que, tanto este grupo como futuros integrantes del Parque Automotor puedan instruirse y reentrenarse en esta especialidad del mantenimiento automotor, porque lo aprendido siempre debe reforzarse\u201d, sostuvo.<\/p>\n\n\n\n<p>En ese sentido, quien se encuentra a cargo de la Direcci\u00f3n de M\u00f3viles y Log\u00edstica dependiente de la Subsecretar\u00eda de Tecnolog\u00eda Sanitaria y Gesti\u00f3n T\u00e9cnica, el ingeniero V\u00edctor Ram\u00f3n Brizuela, extendi\u00f3 un especial agradecimiento al Gobierno provincial, como tambi\u00e9n al ministro de Desarrollo Humano, el doctor An\u00edbal G\u00f3mez, y a la mencionada Subsecretar\u00eda \u201cpor brindarnos los medios para que este taller de capacitaci\u00f3n se pueda llevar adelante con todo lo que eso implica\u201d.<\/p>\n\n\n\n<p><strong>Inversi\u00f3n en pol\u00edticas p\u00fablicas<\/strong><\/p>\n\n\n\n<p>Seguidamente, el experto en mec\u00e1nica automotor destac\u00f3 la inversi\u00f3n que hace el Gobierno de la provincia, a trav\u00e9s del Ministerio de Desarrollo Humano para llevar adelante este tipo de capacitaciones. \u201cNos sorprende gratamente\u201d, afirm\u00f3.<\/p>\n\n\n\n<p>En ese sentido, marc\u00f3 una diferencia tajante \u201cnosotros trabajamos en todo el pa\u00eds y en ninguna de las otras provincias hay presupuesto, ni planes para que el personal acceda a este tipo de entrenamiento\u201d. Sin embargo, \u201caqu\u00ed en Formosa, desde el Gobierno se tom\u00f3 la decisi\u00f3n de capacitar al personal de este parque automotor. Y en el pa\u00eds no hay antecedentes de esto\u201d.<\/p>\n\n\n\n<p><strong>Planta Modelo<\/strong><\/p>\n\n\n\n<p>En esa l\u00ednea, se refiri\u00f3 tambi\u00e9n a la Unidad de Control del Parque Automotor Provincial, inaugurada por el gobernador Gildo Insfr\u00e1n en mayo de este a\u00f1o, ubicada en el predio del Parque Industrial, donde el equipo de instructores hizo una recorrida el jueves 31 de julio.<\/p>\n\n\n\n<p>Calific\u00f3 al complejo como \u201cun taller modelo\u201d y \u201cun proyecto ambicioso que no existe en ninguna otra provincia de la Argentina\u201d. Y destac\u00f3 su planificaci\u00f3n y diagramaci\u00f3n para complementarse e interactuar con los otros talleres que tiene la provincia en las distintas \u00e1reas.<\/p>\n\n\n\n<p>Asimismo, puso de resalto que esa instalaci\u00f3n y todo ese proyecto \u201ces otro ejemplo m\u00e1s de c\u00f3mo la gesti\u00f3n provincial se distingue del resto del pa\u00eds\u201d.<\/p>\n\n\n\n<figure class=\"wp-block-image\"><a href=\"https:\/\/agenfor.com.ar\/wp-content\/uploads\/2025\/08\/capacitacion-personal-parque-automotor-MDH-2.jpeg\"><img decoding=\"async\" src=\"https:\/\/agenfor.com.ar\/wp-content\/uploads\/2025\/08\/capacitacion-personal-parque-automotor-MDH-2-1024x576.jpeg\" alt=\"\" class=\"wp-image-238241\"\/><\/a><\/figure>\n\n\n\n<p><strong>Equipo humano comprometido<\/strong><\/p>\n\n\n\n<p>A su turno, G\u00f3mez expres\u00f3 su agradecimiento al Gobierno provincial, al mismo tiempo que expres\u00f3: \u201cEstamos muy contentos de que hayan decidido hacer esta capacitaci\u00f3n, pero, sobre todo, de poder volcar lo que sabemos a estos mec\u00e1nicos que son, adem\u00e1s, un grupo humano excelente\u201d.<\/p>\n\n\n\n<p>\u201cEllos saben que su trabajo tiene mucho que ver con la atenci\u00f3n a la salud de la poblaci\u00f3n y tienen un compromiso con eso. Son conscientes de que el veh\u00edculo debe repararse bien y r\u00e1pido para cumplir con la funci\u00f3n que tienen, y para dar la mejor respuesta a quienes necesitan de un servicio de salud. Saben que ese m\u00f3vil debe llegar a destino y regresar sin tener inconvenientes en el camino y se nota que se capacitan con esa responsabilidad\u201d, remarc\u00f3.<\/p>\n\n\n\n<p><strong>Nuevo encuentro<\/strong><\/p>\n\n\n\n<p>Al cerrar, se\u00f1al\u00f3 que una nueva jornada formativa se desarrollar\u00e1 durante los d\u00edas lunes 4 y martes 5 de agosto; e indic\u00f3: \u201cEn ese caso, el tema ser\u00e1 el mantenimiento de los sistemas de aire acondicionado de los veh\u00edculos, algo que es muy importante porque Formosa est\u00e1 en una zona donde las temperaturas son mayormente altas, sobre todo en verano, y es fundamental que los equipos de refrigeraci\u00f3n funcionen de manera \u00f3ptima\u201d.<\/p>\n","protected":false},"excerpt":{"rendered":"<p>Destinada a incorporar y a poner en pr\u00e1ctica conocimientos para la evaluaci\u00f3n, reparaci\u00f3n y el<\/p>\n","protected":false},"author":8,"featured_media":68289,"comment_status":"closed","ping_status":"closed","sticky":false,"template":"","format":"standard","meta":{"footnotes":""},"categories":[1],"tags":[],"class_list":["post-68288","post","type-post","status-publish","format-standard","has-post-thumbnail","hentry","category-noticias"],"_links":{"self":[{"href":"https:\/\/24formosa.com.ar\/index.php?rest_route=\/wp\/v2\/posts\/68288","targetHints":{"allow":["GET"]}}],"collection":[{"href":"https:\/\/24formosa.com.ar\/index.php?rest_route=\/wp\/v2\/posts"}],"about":[{"href":"https:\/\/24formosa.com.ar\/index.php?rest_route=\/wp\/v2\/types\/post"}],"author":[{"embeddable":true,"href":"https:\/\/24formosa.com.ar\/index.php?rest_route=\/wp\/v2\/users\/8"}],"replies":[{"embeddable":true,"href":"https:\/\/24formosa.com.ar\/index.php?rest_route=%2Fwp%2Fv2%2Fcomments&post=68288"}],"version-history":[{"count":1,"href":"https:\/\/24formosa.com.ar\/index.php?rest_route=\/wp\/v2\/posts\/68288\/revisions"}],"predecessor-version":[{"id":68290,"href":"https:\/\/24formosa.com.ar\/index.php?rest_route=\/wp\/v2\/posts\/68288\/revisions\/68290"}],"wp:featuredmedia":[{"embeddable":true,"href":"https:\/\/24formosa.com.ar\/index.php?rest_route=\/wp\/v2\/media\/68289"}],"wp:attachment":[{"href":"https:\/\/24formosa.com.ar\/index.php?rest_route=%2Fwp%2Fv2%2Fmedia&parent=68288"}],"wp:term":[{"taxonomy":"category","embeddable":true,"href":"https:\/\/24formosa.com.ar\/index.php?rest_route=%2Fwp%2Fv2%2Fcategories&post=68288"},{"taxonomy":"post_tag","embeddable":true,"href":"https:\/\/24formosa.com.ar\/index.php?rest_route=%2Fwp%2Fv2%2Ftags&post=68288"}],"curies":[{"name":"wp","href":"https:\/\/api.w.org\/{rel}","templated":true}]}}