{"id":68282,"date":"2025-08-01T22:06:29","date_gmt":"2025-08-02T01:06:29","guid":{"rendered":"https:\/\/24formosa.com.ar\/?p=68282"},"modified":"2025-08-01T22:06:33","modified_gmt":"2025-08-02T01:06:33","slug":"una-bicicleteada-por-el-49-aniversario-del-hospital-de-la-madre-y-el-nino-recorrio-la-costanera-capitalina","status":"publish","type":"post","link":"https:\/\/24formosa.com.ar\/?p=68282","title":{"rendered":"Una bicicleteada por el 49\u00b0 aniversario del Hospital de la Madre y el Ni\u00f1o recorri\u00f3 la Costanera capitalina"},"content":{"rendered":"\n<p><em>A pesar de lo ventoso de la jornada, en la tarde de este viernes 1\u00b0 de agosto, desde las 15 horas, se concret\u00f3 una bicicleteada por la Costanera de la ciudad de Formosa que hab\u00eda partido desde la sede del Ministerio de Desarrollo Humano. Los participantes se identificaban con remeras blancas que se\u00f1alaban el n\u00famero 49, que son los a\u00f1os que est\u00e1 cumpliendo el Hospital de la Madre y el Ni\u00f1o.<\/em><\/p>\n\n\n\n<p>Por consiguiente, esto fue parte de los festejos por su aniversario que se celebra el 3 de agosto. As\u00ed tambi\u00e9n, el jueves 31 de julio organizaron&nbsp;<a href=\"https:\/\/agenfor.com.ar\/2025\/07\/el-hospital-de-la-madre-y-el-nino-se-acerco-a-la-comunidad-en-una-jornada-especial\/\">una jornada en la Plaza San Mart\u00edn<\/a>. All\u00ed los equipos de salud se acercaron a la comunidad, visibilizando las acciones, programas y talleres que el efector desarrolla a lo largo del a\u00f1o.<\/p>\n\n\n\n<p>En declaraciones que recogi\u00f3 la&nbsp;<strong>Agencia de Noticias Formosa (AGENFOR)&nbsp;<\/strong>el doctor N\u00e9stor Jos\u00e9 Galv\u00e1n, director asociado del Hospital de la Madre y el Ni\u00f1o, dijo que son acciones que se impulsan desde la gesti\u00f3n directiva junto al doctor V\u00edctor Fern\u00e1ndez, ya que \u201cconsideramos que lo merece el hospital y nuestro personal que siempre est\u00e1 entregando la mejor atenci\u00f3n posible a las madres y los ni\u00f1os\u201d.<\/p>\n\n\n\n<figure class=\"wp-block-image\"><a href=\"https:\/\/agenfor.com.ar\/wp-content\/uploads\/2025\/08\/WhatsApp-Image-2025-08-01-at-3.45.32-PM.jpeg\"><img decoding=\"async\" src=\"https:\/\/agenfor.com.ar\/wp-content\/uploads\/2025\/08\/WhatsApp-Image-2025-08-01-at-3.45.32-PM-1024x768.jpeg\" alt=\"\" class=\"wp-image-238260\"\/><\/a><\/figure>\n\n\n\n<p>Destac\u00f3 que \u201cen estos 49 a\u00f1os se ha evolucionado mucho\u201d porque \u201ces un hospital que naci\u00f3 en un edificio prestado que se reacondicion\u00f3 y al que, con el crecimiento poblacional de Formosa, se le fueron realizando modificaciones acordes a las necesidades\u201d.<\/p>\n\n\n\n<p>En el a\u00f1o \u201976 primero tuvo el \u00e1rea pedi\u00e1trica y a partir del \u201982 el \u00e1rea materna, as\u00ed es como se integraron a la madre y el ni\u00f1o, record\u00f3 Galv\u00e1n, marcando su satisfacci\u00f3n porque \u201cel Gobierno de Formosa acertadamente impuls\u00f3 el proyecto hermoso del Hospital de la Madre y la Mujer, que ya est\u00e1 dando sus primeros pasos\u201d.<\/p>\n\n\n\n<p>\u201cAs\u00ed, Formosa sigue creciendo con inauguraciones de obras en todas las \u00e1reas\u201d, a\u00f1adi\u00f3 contundente, para finalmente informar que continuar\u00e1n las actividades por el aniversario del hospital: \u201cEste s\u00e1bado 2 de agosto por la noche se har\u00e1 una cena para agasajarlos, en donde tambi\u00e9n habr\u00e1 espect\u00e1culos musicales y sorteos\u201d.<\/p>\n\n\n\n<p>Por ese motivo, \u201cestamos muy contentos con ser bendecidos de trabajar en \u00e9l, de acompa\u00f1arlo en la gesti\u00f3n directiva al doctor Fern\u00e1ndez, y teniendo siempre el apoyo del Ministerio de Desarrollo Humano, cuyo organismo nos est\u00e1 apuntalando en todo momento\u201d, concluy\u00f3.<\/p>\n\n\n\n<figure class=\"wp-block-image\"><a href=\"https:\/\/agenfor.com.ar\/wp-content\/uploads\/2025\/08\/WhatsApp-Image-2025-08-01-at-3.45.11-PM.jpeg\"><img decoding=\"async\" src=\"https:\/\/agenfor.com.ar\/wp-content\/uploads\/2025\/08\/WhatsApp-Image-2025-08-01-at-3.45.11-PM-1024x768.jpeg\" alt=\"\" class=\"wp-image-238261\"\/><\/a><\/figure>\n","protected":false},"excerpt":{"rendered":"<p>A pesar de lo ventoso de la jornada, en la tarde de este viernes 1\u00b0<\/p>\n","protected":false},"author":8,"featured_media":68283,"comment_status":"closed","ping_status":"closed","sticky":false,"template":"","format":"standard","meta":{"footnotes":""},"categories":[1],"tags":[],"class_list":["post-68282","post","type-post","status-publish","format-standard","has-post-thumbnail","hentry","category-noticias"],"_links":{"self":[{"href":"https:\/\/24formosa.com.ar\/index.php?rest_route=\/wp\/v2\/posts\/68282","targetHints":{"allow":["GET"]}}],"collection":[{"href":"https:\/\/24formosa.com.ar\/index.php?rest_route=\/wp\/v2\/posts"}],"about":[{"href":"https:\/\/24formosa.com.ar\/index.php?rest_route=\/wp\/v2\/types\/post"}],"author":[{"embeddable":true,"href":"https:\/\/24formosa.com.ar\/index.php?rest_route=\/wp\/v2\/users\/8"}],"replies":[{"embeddable":true,"href":"https:\/\/24formosa.com.ar\/index.php?rest_route=%2Fwp%2Fv2%2Fcomments&post=68282"}],"version-history":[{"count":1,"href":"https:\/\/24formosa.com.ar\/index.php?rest_route=\/wp\/v2\/posts\/68282\/revisions"}],"predecessor-version":[{"id":68284,"href":"https:\/\/24formosa.com.ar\/index.php?rest_route=\/wp\/v2\/posts\/68282\/revisions\/68284"}],"wp:featuredmedia":[{"embeddable":true,"href":"https:\/\/24formosa.com.ar\/index.php?rest_route=\/wp\/v2\/media\/68283"}],"wp:attachment":[{"href":"https:\/\/24formosa.com.ar\/index.php?rest_route=%2Fwp%2Fv2%2Fmedia&parent=68282"}],"wp:term":[{"taxonomy":"category","embeddable":true,"href":"https:\/\/24formosa.com.ar\/index.php?rest_route=%2Fwp%2Fv2%2Fcategories&post=68282"},{"taxonomy":"post_tag","embeddable":true,"href":"https:\/\/24formosa.com.ar\/index.php?rest_route=%2Fwp%2Fv2%2Ftags&post=68282"}],"curies":[{"name":"wp","href":"https:\/\/api.w.org\/{rel}","templated":true}]}}