{"id":68279,"date":"2025-08-01T21:59:53","date_gmt":"2025-08-02T00:59:53","guid":{"rendered":"https:\/\/24formosa.com.ar\/?p=68279"},"modified":"2025-08-01T22:00:01","modified_gmt":"2025-08-02T01:00:01","slug":"se-realizo-la-sesion-preparatoria-de-la-convencion-constituyente-de-formosa","status":"publish","type":"post","link":"https:\/\/24formosa.com.ar\/?p=68279","title":{"rendered":"Se realiz\u00f3 la sesi\u00f3n preparatoria de la Convenci\u00f3n Constituyente de Formosa"},"content":{"rendered":"\n<p><em>Este viernes 1\u00b0 de agosto, en la ciudad de Formosa, se llev\u00f3 a cabo la sesi\u00f3n preparatoria de la Honorable Convenci\u00f3n Constituyente de la provincia, desde las 9 horas en el edificio de la Legislatura Provincial y con la participaci\u00f3n de los convencionales constituyentes recientemente proclamados por el Tribunal Electoral Permanente (TEP).<\/em><\/p>\n\n\n\n<p>Al inicio de la sesi\u00f3n, se procedi\u00f3 a la elecci\u00f3n de las autoridades provisorias de la Convenci\u00f3n Constituyente, recayendo esa responsabilidad en Graciela de la Rosa como presidenta, Rodrigo Emmanuel Vera como secretario legislativo y Grissel Insfr\u00e1n como secretaria administrativa.<\/p>\n\n\n\n<p>Con qu\u00f3rum reglamentario por la asistencia de la totalidad de los convencionales, se avanz\u00f3 en la conformaci\u00f3n de las comisiones de Reglamento y de Poderes. Una vez aprobado el Reglamento Provisorio, se realiz\u00f3 el acto forma de jura de cada convencional constituyente.&nbsp; En un acto formal, los convencionales juraron sus cargos.<\/p>\n\n\n\n<figure class=\"wp-block-image\"><a href=\"https:\/\/agenfor.com.ar\/wp-content\/uploads\/2025\/08\/DSC6334-1-scaled.jpg\"><img decoding=\"async\" src=\"https:\/\/agenfor.com.ar\/wp-content\/uploads\/2025\/08\/DSC6334-1-1024x683.jpg\" alt=\"\" class=\"wp-image-238235\"\/><\/a><\/figure>\n\n\n\n<p>Posteriormente, el plenario de la Convenci\u00f3n Constituyente design\u00f3 a sus autoridades definitivas: presidencia de la Convenci\u00f3n, Mar\u00eda Graciela de la Rosa; vicepresidencia primera, Hugo Orlando Garc\u00eda y vicepresidencia segunda Francisco Paoltroni. Tambi\u00e9n, fueron designadas como secretarias legislativa, Griselda Serrano, y administrativa, Adriana Vega, quienes desempe\u00f1an esa misma responsabilidad en la Legislatura provincial.<\/p>\n\n\n\n<p>Finalmente, se procedi\u00f3 a la conformaci\u00f3n de los distintos bloques, en el que el Bloque Justicialista ratific\u00f3 su integraci\u00f3n con 21 miembros y design\u00f3 como su presidente al convencional Rodrigo Vera, mientras que los bloques de la minor\u00eda cumplir\u00e1n este paso en la sesi\u00f3n del pr\u00f3ximo lunes.<\/p>\n\n\n\n<p>Finalmente, se procedi\u00f3 a la fijaci\u00f3n de d\u00edas y horarios de trabajo para las comisiones permanentes que ser\u00e1n de la siguiente forma: la Comisi\u00f3n N\u00b0 1 de Legislaci\u00f3n, Asuntos Constitucionales y Organizaci\u00f3n del Estado se reunir\u00e1 los lunes y mi\u00e9rcoles por la ma\u00f1ana, mientras que la Comisi\u00f3n N\u00b0 2 de Reg\u00edmenes de Desarrollo Humano, Econ\u00f3mico, Financiero, Ambiental, Educativo, Cultural, Ciencia y Tecnolog\u00eda, lo har\u00e1 los d\u00edas mi\u00e9rcoles y viernes por la ma\u00f1ana.<\/p>\n\n\n\n<p>La Comisi\u00f3n N\u00b0 3 de Redacci\u00f3n tendr\u00e1 la funci\u00f3n de elaborar el texto definitivo del articulado aprobados por los plenarios. En cuanto a las sesiones plenarias, las mismas se realizar\u00e1n los d\u00edas lunes, mi\u00e9rcoles y viernes a las 18 horas.<\/p>\n\n\n\n<p>La Convenci\u00f3n Constituyente de Formosa dio as\u00ed inicio formal a su funcionamiento, designaci\u00f3n de autoridades, comisiones, bloques y cronograma de trabajo, con el fin de cumplir su responsabilidad de brindar al pueblo formose\u00f1o un nuevo texto constitucional.<\/p>\n\n\n\n<figure class=\"wp-block-image\"><a href=\"https:\/\/agenfor.com.ar\/wp-content\/uploads\/2025\/08\/DSC6321-scaled.jpg\"><img decoding=\"async\" src=\"https:\/\/agenfor.com.ar\/wp-content\/uploads\/2025\/08\/DSC6321-1024x683.jpg\" alt=\"\" class=\"wp-image-238230\"\/><\/a><\/figure>\n","protected":false},"excerpt":{"rendered":"<p>Este viernes 1\u00b0 de agosto, en la ciudad de Formosa, se llev\u00f3 a cabo la<\/p>\n","protected":false},"author":8,"featured_media":68280,"comment_status":"closed","ping_status":"closed","sticky":false,"template":"","format":"standard","meta":{"footnotes":""},"categories":[1],"tags":[],"class_list":["post-68279","post","type-post","status-publish","format-standard","has-post-thumbnail","hentry","category-noticias"],"_links":{"self":[{"href":"https:\/\/24formosa.com.ar\/index.php?rest_route=\/wp\/v2\/posts\/68279","targetHints":{"allow":["GET"]}}],"collection":[{"href":"https:\/\/24formosa.com.ar\/index.php?rest_route=\/wp\/v2\/posts"}],"about":[{"href":"https:\/\/24formosa.com.ar\/index.php?rest_route=\/wp\/v2\/types\/post"}],"author":[{"embeddable":true,"href":"https:\/\/24formosa.com.ar\/index.php?rest_route=\/wp\/v2\/users\/8"}],"replies":[{"embeddable":true,"href":"https:\/\/24formosa.com.ar\/index.php?rest_route=%2Fwp%2Fv2%2Fcomments&post=68279"}],"version-history":[{"count":1,"href":"https:\/\/24formosa.com.ar\/index.php?rest_route=\/wp\/v2\/posts\/68279\/revisions"}],"predecessor-version":[{"id":68281,"href":"https:\/\/24formosa.com.ar\/index.php?rest_route=\/wp\/v2\/posts\/68279\/revisions\/68281"}],"wp:featuredmedia":[{"embeddable":true,"href":"https:\/\/24formosa.com.ar\/index.php?rest_route=\/wp\/v2\/media\/68280"}],"wp:attachment":[{"href":"https:\/\/24formosa.com.ar\/index.php?rest_route=%2Fwp%2Fv2%2Fmedia&parent=68279"}],"wp:term":[{"taxonomy":"category","embeddable":true,"href":"https:\/\/24formosa.com.ar\/index.php?rest_route=%2Fwp%2Fv2%2Fcategories&post=68279"},{"taxonomy":"post_tag","embeddable":true,"href":"https:\/\/24formosa.com.ar\/index.php?rest_route=%2Fwp%2Fv2%2Ftags&post=68279"}],"curies":[{"name":"wp","href":"https:\/\/api.w.org\/{rel}","templated":true}]}}