{"id":68274,"date":"2025-07-31T21:41:50","date_gmt":"2025-08-01T00:41:50","guid":{"rendered":"https:\/\/24formosa.com.ar\/?p=68274"},"modified":"2025-07-31T21:41:51","modified_gmt":"2025-08-01T00:41:51","slug":"primera-ronda-de-negocios-del-programa-conexion-comercial-una-apuesta-al-crecimiento-del-ecosistema-productivo-local","status":"publish","type":"post","link":"https:\/\/24formosa.com.ar\/?p=68274","title":{"rendered":"Primera ronda de negocios del Programa Conexi\u00f3n Comercial: Una apuesta al crecimiento del ecosistema productivo local"},"content":{"rendered":"\n<p><em>Con el objetivo de impulsar el desarrollo econ\u00f3mico y fortalecer el ecosistema productivo de la provincia de Formosa, se llev\u00f3 a cabo la Primera Ronda de Negocios del Programa Conexi\u00f3n Comercial, en las instalaciones de Vialidad Provincial. La jornada reuni\u00f3 a emprendedores locales y representantes de empresas consolidadas, en un espacio pensado para conectar, negociar y crecer.<\/em><\/p>\n\n\n\n<p>Esta iniciativa busca generar v\u00ednculos comerciales estrat\u00e9gicos entre emprendimientos formose\u00f1os y comerciantes que desean incorporar proveedores locales, promoviendo as\u00ed el consumo de productos hechos en la provincia y consolidando nuevas oportunidades de negocio.<\/p>\n\n\n\n<p>Durante el evento, emprendedores de diversos rubros pudieron presentar sus productos y servicios de manera directa, establecer contactos clave y responder consultas sobre su capacidad de producci\u00f3n y comercializaci\u00f3n.<\/p>\n\n\n\n<figure class=\"wp-block-image\"><a href=\"https:\/\/agenfor.com.ar\/wp-content\/uploads\/2025\/07\/7c572dcd-dfcc-4a3b-ab88-ece07e5c3762.jpeg\"><img decoding=\"async\" src=\"https:\/\/agenfor.com.ar\/wp-content\/uploads\/2025\/07\/7c572dcd-dfcc-4a3b-ab88-ece07e5c3762-1024x682.jpeg\" alt=\"\" class=\"wp-image-238047\"\/><\/a><\/figure>\n\n\n\n<p>El formato permiti\u00f3 una circulaci\u00f3n libre por los diferentes stands, lo que facilit\u00f3 la elecci\u00f3n de propuestas afines a las necesidades de cada empresario. Tambi\u00e9n se dispuso una mesa de refrigerios que acompa\u00f1\u00f3 el intercambio comercial en un ambiente distendido.<\/p>\n\n\n\n<p>Andrea Salm\u00f3n, administradora operativa del \u00e1rea en la Subsecretar\u00eda de Empleo, expres\u00f3: \u201cEsta primera ronda de negocios es una herramienta concreta para que los emprendedores formose\u00f1os puedan integrarse al mercado formal, posicionar sus marcas y generar nuevas oportunidades comerciales. Desde el Gobierno de la provincia de Formosa trabajamos continuamente en la creaci\u00f3n de estos espacios que permiten visibilizar la producci\u00f3n local y fomentar un crecimiento sostenido del sector emprendedor\u201d.<\/p>\n\n\n\n<p>El Programa Conexi\u00f3n Comercial forma parte de las acciones que se desarrollan desde la Casa del Emprendedor, un espacio institucional de acompa\u00f1amiento a emprendedores, ubicado en Maip\u00fa 45 de la ciudad capital.<\/p>\n\n\n\n<figure class=\"wp-block-image\"><a href=\"https:\/\/agenfor.com.ar\/wp-content\/uploads\/2025\/07\/5319d0d6-cf1c-473a-bded-1f9971f77e30.jpeg\"><img decoding=\"async\" src=\"https:\/\/agenfor.com.ar\/wp-content\/uploads\/2025\/07\/5319d0d6-cf1c-473a-bded-1f9971f77e30-1024x682.jpeg\" alt=\"\" class=\"wp-image-238048\"\/><\/a><\/figure>\n\n\n\n<p>Desde la Subsecretar\u00eda de Empleo invitaron a quienes est\u00e9n interesados en participar o recibir asesoramiento, a acercarse para conocer m\u00e1s sobre esta y otras propuestas de fortalecimiento productivo.<\/p>\n\n\n\n<p>El programa continuar\u00e1 desarrollando acciones que impulsen la econom\u00eda regional, apostando a la articulaci\u00f3n p\u00fablico-privada como motor del crecimiento.<\/p>\n","protected":false},"excerpt":{"rendered":"<p>Con el objetivo de impulsar el desarrollo econ\u00f3mico y fortalecer el ecosistema productivo de la<\/p>\n","protected":false},"author":8,"featured_media":68275,"comment_status":"closed","ping_status":"closed","sticky":false,"template":"","format":"standard","meta":{"footnotes":""},"categories":[1],"tags":[],"class_list":["post-68274","post","type-post","status-publish","format-standard","has-post-thumbnail","hentry","category-noticias"],"_links":{"self":[{"href":"https:\/\/24formosa.com.ar\/index.php?rest_route=\/wp\/v2\/posts\/68274","targetHints":{"allow":["GET"]}}],"collection":[{"href":"https:\/\/24formosa.com.ar\/index.php?rest_route=\/wp\/v2\/posts"}],"about":[{"href":"https:\/\/24formosa.com.ar\/index.php?rest_route=\/wp\/v2\/types\/post"}],"author":[{"embeddable":true,"href":"https:\/\/24formosa.com.ar\/index.php?rest_route=\/wp\/v2\/users\/8"}],"replies":[{"embeddable":true,"href":"https:\/\/24formosa.com.ar\/index.php?rest_route=%2Fwp%2Fv2%2Fcomments&post=68274"}],"version-history":[{"count":1,"href":"https:\/\/24formosa.com.ar\/index.php?rest_route=\/wp\/v2\/posts\/68274\/revisions"}],"predecessor-version":[{"id":68276,"href":"https:\/\/24formosa.com.ar\/index.php?rest_route=\/wp\/v2\/posts\/68274\/revisions\/68276"}],"wp:featuredmedia":[{"embeddable":true,"href":"https:\/\/24formosa.com.ar\/index.php?rest_route=\/wp\/v2\/media\/68275"}],"wp:attachment":[{"href":"https:\/\/24formosa.com.ar\/index.php?rest_route=%2Fwp%2Fv2%2Fmedia&parent=68274"}],"wp:term":[{"taxonomy":"category","embeddable":true,"href":"https:\/\/24formosa.com.ar\/index.php?rest_route=%2Fwp%2Fv2%2Fcategories&post=68274"},{"taxonomy":"post_tag","embeddable":true,"href":"https:\/\/24formosa.com.ar\/index.php?rest_route=%2Fwp%2Fv2%2Ftags&post=68274"}],"curies":[{"name":"wp","href":"https:\/\/api.w.org\/{rel}","templated":true}]}}