{"id":68265,"date":"2025-07-31T21:28:18","date_gmt":"2025-08-01T00:28:18","guid":{"rendered":"https:\/\/24formosa.com.ar\/?p=68265"},"modified":"2025-07-31T21:28:19","modified_gmt":"2025-08-01T00:28:19","slug":"clorinda-actualizaron-controles-de-la-libreta-de-salud-escolar-para-jardineritos-del-barrio-1-de-mayo","status":"publish","type":"post","link":"https:\/\/24formosa.com.ar\/?p=68265","title":{"rendered":"Clorinda: Actualizaron controles de la Libreta de Salud Escolar para jardineritos del barrio 1\u00b0 de Mayo"},"content":{"rendered":"\n<p><em>Los ex\u00e1menes pedi\u00e1tricos alcanzaron a m\u00e1s de 80 ni\u00f1as y ni\u00f1os, que recibieron tambi\u00e9n vacunas de calendario.<\/em><\/p>\n\n\n\n<p>Un nuevo operativo sanitario fue desplegado este mi\u00e9rcoles 30, en el EJI N\u00b018, del barrio 1\u00b0 de Mayo de la ciudad de Clorinda, donde se llev\u00f3 a cabo un completo control de salud a los jardineritos y fueron actualizadas las Libretas de Salud Escolar correspondiente al ciclo lectivo 2025.<\/p>\n\n\n\n<p>La jornada estuvo a cargo de m\u00e9dicos, odont\u00f3logos, enfermeros, vacunadores y otros profesionales del centro de salud \u201cRam\u00f3n Carrillo\u201d, quienes efectuaron m\u00faltiples evaluaciones, brindaron consejos a los escolares y a los padres presentes. Adem\u00e1s, programaron turnos para quienes requer\u00edan atenciones en el efector.<\/p>\n\n\n\n<p>El director del centro sanitario, el doctor Nelson Guti\u00e9rrez, coment\u00f3 que fue una actividad muy productiva en la que se examin\u00f3 \u201ca un total de 83 ni\u00f1as y ni\u00f1os que asisten a los turnos ma\u00f1ana y tarde, de esa instituci\u00f3n educativa\u201d.<\/p>\n\n\n\n<p>As\u00ed, se efectuaron mediciones antropom\u00e9tricas de peso y talla, tensi\u00f3n arterial, temperatura, latidos y frecuencia cardiaca, m\u00e1s otros ex\u00e1menes seg\u00fan las indicaciones m\u00e9dicas.&nbsp;<\/p>\n\n\n\n<p>Lo anterior fue complementado con controles de la agudeza auditiva y visual, revisiones psicomotoras, sumados a otros m\u00e1s f\u00edsicos y cl\u00ednicos establecidos por los pediatras para los ni\u00f1os y las ni\u00f1as que est\u00e1n en esa franja etaria.<\/p>\n\n\n\n<figure class=\"wp-block-image\"><a href=\"https:\/\/agenfor.com.ar\/wp-content\/uploads\/2025\/07\/Libretas-de-salud-EJI-18-Clorinda-3.jpeg\"><img decoding=\"async\" src=\"https:\/\/agenfor.com.ar\/wp-content\/uploads\/2025\/07\/Libretas-de-salud-EJI-18-Clorinda-3-1024x768.jpeg\" alt=\"\" class=\"wp-image-238037\"\/><\/a><\/figure>\n\n\n\n<p>Se procedi\u00f3 tambi\u00e9n al chequeo de los carnets de vacunaci\u00f3n y fueron aplicadas las vacunas de calendario establecidas para la edad del ingreso escolar, entre los cinco y seis a\u00f1os: Triple Viral, que previene el sarampi\u00f3n, la rub\u00e9ola y las paperas; Triple Bacteriana Acelular para prevenir el t\u00e9tanos, la difteria y la tos convulsa; IPV contra la poliomielitis y la vacuna contra la varicela.<\/p>\n\n\n\n<p>De igual modo, se hicieron revisiones al estado de salud bucodental de los jardineritos, con la confecci\u00f3n de los respectivos odontogramas y la programaci\u00f3n de turnos para que realicen los tratamientos necesarios en el servicio de odontolog\u00eda del centro de salud.<\/p>\n\n\n\n<p>Al finalizar, el funcionario remarc\u00f3 que estas actividades son posibles gracias a las pol\u00edticas p\u00fablicas que lleva adelante el Gobierno de la provincia de Formosa, a trav\u00e9s del Ministerio de Desarrollo Humano y todos los efectores sanitarios \u201cpara cuidar la salud de las ni\u00f1as y ni\u00f1os, en este caso los que est\u00e1n en edad escolar\u201d.<\/p>\n\n\n\n<p>\u201cEs una demostraci\u00f3n m\u00e1s, de que tenemos un gobernador, el doctor Gildo Insfr\u00e1n, que no solo se preocupa, sino que se ocupa de la salud de nuestras infancias porque, como bien lo dice siempre, en Formosa, la salud es una cuesti\u00f3n de Estado\u201d, concluy\u00f3.<\/p>\n","protected":false},"excerpt":{"rendered":"<p>Los ex\u00e1menes pedi\u00e1tricos alcanzaron a m\u00e1s de 80 ni\u00f1as y ni\u00f1os, que recibieron tambi\u00e9n vacunas<\/p>\n","protected":false},"author":8,"featured_media":68266,"comment_status":"closed","ping_status":"closed","sticky":false,"template":"","format":"standard","meta":{"footnotes":""},"categories":[1],"tags":[],"class_list":["post-68265","post","type-post","status-publish","format-standard","has-post-thumbnail","hentry","category-noticias"],"_links":{"self":[{"href":"https:\/\/24formosa.com.ar\/index.php?rest_route=\/wp\/v2\/posts\/68265","targetHints":{"allow":["GET"]}}],"collection":[{"href":"https:\/\/24formosa.com.ar\/index.php?rest_route=\/wp\/v2\/posts"}],"about":[{"href":"https:\/\/24formosa.com.ar\/index.php?rest_route=\/wp\/v2\/types\/post"}],"author":[{"embeddable":true,"href":"https:\/\/24formosa.com.ar\/index.php?rest_route=\/wp\/v2\/users\/8"}],"replies":[{"embeddable":true,"href":"https:\/\/24formosa.com.ar\/index.php?rest_route=%2Fwp%2Fv2%2Fcomments&post=68265"}],"version-history":[{"count":1,"href":"https:\/\/24formosa.com.ar\/index.php?rest_route=\/wp\/v2\/posts\/68265\/revisions"}],"predecessor-version":[{"id":68267,"href":"https:\/\/24formosa.com.ar\/index.php?rest_route=\/wp\/v2\/posts\/68265\/revisions\/68267"}],"wp:featuredmedia":[{"embeddable":true,"href":"https:\/\/24formosa.com.ar\/index.php?rest_route=\/wp\/v2\/media\/68266"}],"wp:attachment":[{"href":"https:\/\/24formosa.com.ar\/index.php?rest_route=%2Fwp%2Fv2%2Fmedia&parent=68265"}],"wp:term":[{"taxonomy":"category","embeddable":true,"href":"https:\/\/24formosa.com.ar\/index.php?rest_route=%2Fwp%2Fv2%2Fcategories&post=68265"},{"taxonomy":"post_tag","embeddable":true,"href":"https:\/\/24formosa.com.ar\/index.php?rest_route=%2Fwp%2Fv2%2Ftags&post=68265"}],"curies":[{"name":"wp","href":"https:\/\/api.w.org\/{rel}","templated":true}]}}