{"id":68256,"date":"2025-07-31T21:22:56","date_gmt":"2025-08-01T00:22:56","guid":{"rendered":"https:\/\/24formosa.com.ar\/?p=68256"},"modified":"2025-07-31T21:22:57","modified_gmt":"2025-08-01T00:22:57","slug":"el-hospital-de-la-madre-y-el-nino-se-acerco-a-la-comunidad-en-una-jornada-especial","status":"publish","type":"post","link":"https:\/\/24formosa.com.ar\/?p=68256","title":{"rendered":"El Hospital de la Madre y el Ni\u00f1o se acerc\u00f3 a la comunidad en una jornada especial"},"content":{"rendered":"\n<p>En el marco de las actividades conmemorativas por el 49\u00ba aniversario del Hospital de la Madre y el Ni\u00f1o, este jueves 31 realizaron una jornada extramuros en la Plaza San Mart\u00edn, con el objetivo de promover el acercamiento entre la comunidad y el equipo de salud, visibilizando las acciones, programas y talleres que la instituci\u00f3n desarrolla a lo largo del a\u00f1o.<\/p>\n\n\n\n<p>Al respecto, el doctor V\u00edctor Fern\u00e1ndez, director del hospital, record\u00f3 que&nbsp; \u201cel 3 de agosto cumplimos 49 a\u00f1os\u201d y por eso, puntualiz\u00f3 que \u201csalimos a dar informaci\u00f3n a la gente para que sepan qu\u00e9 es lo que el Hospital de la Madre y el Ni\u00f1o ofrece durante el a\u00f1o\u201d.<\/p>\n\n\n\n<p>Y detall\u00f3 que hubo taller de RCP para padres y cuidadores; Preparaci\u00f3n Integral para la Maternidad (PIM); se ense\u00f1\u00f3 el uso adecuado de las aeroc\u00e1maras en pediatr\u00eda; t\u00e9cnicas de extracci\u00f3n de leche materna; tambi\u00e9n se dialog\u00f3 sobre parto respetado y los derechos de la madre, el reci\u00e9n nacido y su entorno familiar.<\/p>\n\n\n\n<p>Tambi\u00e9n realizaron una actividad en el marco de la Semana Mundial de la Lactancia Materna, bajo el lema \u201cCerrando la brecha: prioricemos la lactancia materna, construyendo sistemas de apoyo sostenibles\u201d; se brind\u00f3 asesoramiento en Odontopediatr\u00eda; informaci\u00f3n actualizada sobre esquemas de vacunaci\u00f3n; y un espacio de psicolog\u00eda para promover v\u00ednculos tempranos del binomio madre \u2013 reci\u00e9n nacido.<\/p>\n\n\n\n<figure class=\"wp-block-image\"><a href=\"https:\/\/agenfor.com.ar\/wp-content\/uploads\/2025\/07\/Jornada-del-HMYN-2.jpeg\"><img decoding=\"async\" src=\"https:\/\/agenfor.com.ar\/wp-content\/uploads\/2025\/07\/Jornada-del-HMYN-2-1024x768.jpeg\" alt=\"\" class=\"wp-image-238125\"\/><\/a><\/figure>\n\n\n\n<p>Asimismo, Fern\u00e1ndez se\u00f1al\u00f3 que \u201ccon el equipo de salud de este hospital todos los jueves visitamos diferentes escuelas para completar la libreta de salud escolar\u201d, y para eso, subray\u00f3 que \u201ccontrolamos a los ni\u00f1os el peso, presi\u00f3n arterial, vemos si hay alguna patolog\u00eda o debe continuar alg\u00fan tratamiento y aplicamos las vacunas\u201d.<\/p>\n\n\n\n<p>Adem\u00e1s, anticip\u00f3 que este viernes 1\u00b0 de agosto a las 15 horas habr\u00e1 una bicicleteada por la Costanera de Formosa, partiendo desde la sede del Ministerio de Desarrollo Humano. \u201cInvitamos a que todos nos acompa\u00f1en con la bicicleta\u201d, expres\u00f3 y agreg\u00f3 que \u201ccuando llegamos a las dos banderas vamos a hacer unos sorteos para la gente que participa y despu\u00e9s volvemos\u201d.<\/p>\n\n\n\n<p>Al concluir repas\u00f3 que \u201cun 3 de agosto de 1976 el Hospital de la Madre y el Ni\u00f1o inici\u00f3 sus actividades, primero como hospital de ni\u00f1os y luego, en 1983 se transform\u00f3 en el de la madre y el ni\u00f1o\u201d.<\/p>\n\n\n\n<p>Y sostuvo que \u201ces un lugar emblem\u00e1tico de Formosa de tercer nivel de atenci\u00f3n donde vienen derivados todos los pacientes (ni\u00f1os o embarazadas) del interior, que tengan una patolog\u00eda\u201d, cerr\u00f3.<\/p>\n","protected":false},"excerpt":{"rendered":"<p>En el marco de las actividades conmemorativas por el 49\u00ba aniversario del Hospital de la<\/p>\n","protected":false},"author":8,"featured_media":68257,"comment_status":"closed","ping_status":"closed","sticky":false,"template":"","format":"standard","meta":{"footnotes":""},"categories":[1],"tags":[],"class_list":["post-68256","post","type-post","status-publish","format-standard","has-post-thumbnail","hentry","category-noticias"],"_links":{"self":[{"href":"https:\/\/24formosa.com.ar\/index.php?rest_route=\/wp\/v2\/posts\/68256","targetHints":{"allow":["GET"]}}],"collection":[{"href":"https:\/\/24formosa.com.ar\/index.php?rest_route=\/wp\/v2\/posts"}],"about":[{"href":"https:\/\/24formosa.com.ar\/index.php?rest_route=\/wp\/v2\/types\/post"}],"author":[{"embeddable":true,"href":"https:\/\/24formosa.com.ar\/index.php?rest_route=\/wp\/v2\/users\/8"}],"replies":[{"embeddable":true,"href":"https:\/\/24formosa.com.ar\/index.php?rest_route=%2Fwp%2Fv2%2Fcomments&post=68256"}],"version-history":[{"count":1,"href":"https:\/\/24formosa.com.ar\/index.php?rest_route=\/wp\/v2\/posts\/68256\/revisions"}],"predecessor-version":[{"id":68258,"href":"https:\/\/24formosa.com.ar\/index.php?rest_route=\/wp\/v2\/posts\/68256\/revisions\/68258"}],"wp:featuredmedia":[{"embeddable":true,"href":"https:\/\/24formosa.com.ar\/index.php?rest_route=\/wp\/v2\/media\/68257"}],"wp:attachment":[{"href":"https:\/\/24formosa.com.ar\/index.php?rest_route=%2Fwp%2Fv2%2Fmedia&parent=68256"}],"wp:term":[{"taxonomy":"category","embeddable":true,"href":"https:\/\/24formosa.com.ar\/index.php?rest_route=%2Fwp%2Fv2%2Fcategories&post=68256"},{"taxonomy":"post_tag","embeddable":true,"href":"https:\/\/24formosa.com.ar\/index.php?rest_route=%2Fwp%2Fv2%2Ftags&post=68256"}],"curies":[{"name":"wp","href":"https:\/\/api.w.org\/{rel}","templated":true}]}}