{"id":68250,"date":"2025-07-31T21:20:15","date_gmt":"2025-08-01T00:20:15","guid":{"rendered":"https:\/\/24formosa.com.ar\/?p=68250"},"modified":"2025-07-31T21:20:16","modified_gmt":"2025-08-01T00:20:16","slug":"formosa-inicia-este-viernes-la-semana-mundial-de-la-lactancia-materna-2025","status":"publish","type":"post","link":"https:\/\/24formosa.com.ar\/?p=68250","title":{"rendered":"Formosa inicia este viernes la Semana Mundial de la Lactancia Materna 2025"},"content":{"rendered":"\n<p>Es una campa\u00f1a que se lleva adelante en todo el mundo entre el 1 y el 7 de agosto para concientizar y concretar acciones que promuevan esta forma de alimentaci\u00f3n, saludable por excelencia, para las ni\u00f1as y ni\u00f1os, desde el nacimiento hasta los primeros a\u00f1os de vida.<\/p>\n\n\n\n<p>El Gobierno de la provincia de Formosa, a trav\u00e9s del Ministerio de Desarrollo Humano, dar\u00e1 apertura este viernes 1\u00b0 de agosto a la Semana Mundial de la Lactancia Materna con variadas actividades que se desarrollar\u00e1n en simult\u00e1neo en todos los hospitales y centros de salud, tanto de la Capital como del interior.<\/p>\n\n\n\n<p>Las mismas ser\u00e1n coordinadas desde la Subsecretar\u00eda de Medicina Sanitaria y la Direcci\u00f3n de Maternidad e Infancia con el objetivo de crear conciencia y estimular la acci\u00f3n sobre temas relacionados con la lactancia materna.<\/p>\n\n\n\n<p>Cabe mencionarse que esta campa\u00f1a, a nivel mundial, est\u00e1 bajo la coordinaci\u00f3n de la Alianza Mundial para la Acci\u00f3n de Lactancia Materna y, en la Regi\u00f3n de las Am\u00e9ricas, es sostenida por la Organizaci\u00f3n Panamericana de Salud (OPS) a fin de fortalecer las medidas destinadas a proteger, promover y apoyar el derecho a la lactancia materna en toda esa regi\u00f3n.<\/p>\n\n\n\n<figure class=\"wp-block-image\"><a href=\"https:\/\/agenfor.com.ar\/wp-content\/uploads\/2024\/03\/Dengue-5-doctor-Caceres.jpg\"><img decoding=\"async\" src=\"https:\/\/agenfor.com.ar\/wp-content\/uploads\/2024\/03\/Dengue-5-doctor-Caceres.jpg\" alt=\"\" class=\"wp-image-186400\"\/><\/a><figcaption class=\"wp-element-caption\"><em>El doctor Manuel C\u00e1ceres<\/em><\/figcaption><\/figure>\n\n\n\n<p><strong>Este a\u00f1o<\/strong><\/p>\n\n\n\n<p>Bajo el lema \u00abPrioricemos La Lactancia Materna: Construyendo Sistemas De Apoyo Sostenibles\u201d, en el 2025, la semana tiene como prop\u00f3sito trabajar sobre la importancia de establecer sistemas de apoyo s\u00f3lidos y duraderos para las madres que amamantan, tanto desde el punto de vista ambiental como social, ya que esta pr\u00e1ctica es fundamental para la salud infantil y el desarrollo sostenible.&nbsp;<\/p>\n\n\n\n<p>\u201cLa idea es involucrar a diversos actores en la creaci\u00f3n de entornos de apoyo, donde juega un rol primordial el acompa\u00f1amiento de la familia y de todo el equipo de salud, para fomentar y sostener la lactancia materna como una estrategia que garantice una excelente calidad de vida a ese ni\u00f1o que se est\u00e1 amamantando\u201d, se\u00f1al\u00f3 al respecto el subsecretario de Medicina Sanitaria, el doctor Manuel C\u00e1ceres.<\/p>\n\n\n\n<p>En ese sentido, marc\u00f3 que la lactancia materna tiene \u201ctres ejes important\u00edsimos: la salud del beb\u00e9 y de la madre, por un lado. Tambi\u00e9n tiene un impacto positivo en el medio ambiente\u201d.&nbsp; Mientras que el tercero, es la \u201cexclusividad como alimento\u201d durante los primeros seis meses de vida, continuando hasta los dos a\u00f1os o m\u00e1s, acompa\u00f1ada a partir del sexto mes con la alimentaci\u00f3n complementaria.<\/p>\n\n\n\n<p><strong>Una provincia comprometida<\/strong><\/p>\n\n\n\n<p>Sobre eso, el subsecretario dijo que es necesario seguir trabajando para crear sistemas de apoyo sostenibles, destacando \u201cla suerte de estar en una provincia en la que la salud es una pol\u00edtica de estado\u201d que debe involucrar \u201ca todo el sistema de salud, lugares de trabajo, organizaciones de la sociedad civil, comunidades e individuos para crear entornos favorables y sostenibles para la lactancia materna\u201d.<\/p>\n\n\n\n<p>Asimismo, acentu\u00f3 la importancia de reconocer la lactancia materna como una pr\u00e1ctica fundamental para la salud y el desarrollo sostenible y, a la vez, de educary sensibilizar a la comunidad sobre los beneficios de la lactancia materna y el papel crucial que tienen los sistemas de apoyo.&nbsp;<\/p>\n\n\n\n<p>Para alcanzar eso, insisti\u00f3 en que se debe continuar, por ejemplo, con las charlas en las escuelas de nivel secundario \u201cy en cada contacto de la mujer con el sistema de salud para que podamos lograrque,al momento de estar embarazada, ya este convencida de que la lactancia es una excelente estrategia para garantizar salud, amor y protecci\u00f3n integral para su bebe\u201d.<\/p>\n\n\n\n<p><strong>Trabajo continuo y sostenido<\/strong><\/p>\n\n\n\n<p>Remarc\u00f3 que, en Formosa, cada efector de salud \u201cconcientiza y trabaja todos los d\u00edas del a\u00f1o en promover la lactancia materna\u201d. No obstante, todos los a\u00f1os, esta primera semana de agosto es fundamental \u201cpara visibilizar a\u00fan m\u00e1s los beneficios de amamantar y, de esa manera, contribuir a la formaci\u00f3n de Redes de Apoyo Sostenibles.&nbsp;<\/p>\n\n\n\n<p>En ese marco, esta semana, cada centro de salud y cada hospital tiene una planificaci\u00f3n para los distintos d\u00edas y tambi\u00e9n una jornada de cierre. &nbsp;\u201cHabr\u00e1 tambi\u00e9n una actividad central de cierre que ser\u00e1 el 7 de agosto en el recientemente inaugurado, Hospital de la Madre y la Mujer, comprometido desde su puesta en marcha con el cuidado de la mujer y del ni\u00f1o, basado en una medicina gratuita y de calidad, como nos tiene acostumbrados el Gobierno de la Provincia\u201d, afirm\u00f3 en el cierre.<\/p>\n","protected":false},"excerpt":{"rendered":"<p>Es una campa\u00f1a que se lleva adelante en todo el mundo entre el 1 y<\/p>\n","protected":false},"author":8,"featured_media":68251,"comment_status":"closed","ping_status":"closed","sticky":false,"template":"","format":"standard","meta":{"footnotes":""},"categories":[1],"tags":[],"class_list":["post-68250","post","type-post","status-publish","format-standard","has-post-thumbnail","hentry","category-noticias"],"_links":{"self":[{"href":"https:\/\/24formosa.com.ar\/index.php?rest_route=\/wp\/v2\/posts\/68250","targetHints":{"allow":["GET"]}}],"collection":[{"href":"https:\/\/24formosa.com.ar\/index.php?rest_route=\/wp\/v2\/posts"}],"about":[{"href":"https:\/\/24formosa.com.ar\/index.php?rest_route=\/wp\/v2\/types\/post"}],"author":[{"embeddable":true,"href":"https:\/\/24formosa.com.ar\/index.php?rest_route=\/wp\/v2\/users\/8"}],"replies":[{"embeddable":true,"href":"https:\/\/24formosa.com.ar\/index.php?rest_route=%2Fwp%2Fv2%2Fcomments&post=68250"}],"version-history":[{"count":1,"href":"https:\/\/24formosa.com.ar\/index.php?rest_route=\/wp\/v2\/posts\/68250\/revisions"}],"predecessor-version":[{"id":68252,"href":"https:\/\/24formosa.com.ar\/index.php?rest_route=\/wp\/v2\/posts\/68250\/revisions\/68252"}],"wp:featuredmedia":[{"embeddable":true,"href":"https:\/\/24formosa.com.ar\/index.php?rest_route=\/wp\/v2\/media\/68251"}],"wp:attachment":[{"href":"https:\/\/24formosa.com.ar\/index.php?rest_route=%2Fwp%2Fv2%2Fmedia&parent=68250"}],"wp:term":[{"taxonomy":"category","embeddable":true,"href":"https:\/\/24formosa.com.ar\/index.php?rest_route=%2Fwp%2Fv2%2Fcategories&post=68250"},{"taxonomy":"post_tag","embeddable":true,"href":"https:\/\/24formosa.com.ar\/index.php?rest_route=%2Fwp%2Fv2%2Ftags&post=68250"}],"curies":[{"name":"wp","href":"https:\/\/api.w.org\/{rel}","templated":true}]}}