{"id":68243,"date":"2025-07-29T22:03:33","date_gmt":"2025-07-30T01:03:33","guid":{"rendered":"https:\/\/24formosa.com.ar\/?p=68243"},"modified":"2025-07-29T22:03:34","modified_gmt":"2025-07-30T01:03:34","slug":"tras-el-receso-invernal-retomaron-las-clases-en-el-instituto-politecnico-formosa","status":"publish","type":"post","link":"https:\/\/24formosa.com.ar\/?p=68243","title":{"rendered":"Tras el receso invernal, retomaron las clases en el Instituto Polit\u00e9cnico Formosa"},"content":{"rendered":"\n<p><em>El 4 de agosto cursar\u00e1n en el nuevo edificio en total 329 estudiantes.<\/em><\/p>\n\n\n\n<p>Finalizado el receso invernal de dos semanas, retomaron en forma normal las clases en el Instituto Polit\u00e9cnico Formosa. Se adelant\u00f3 que el lunes 4 de agosto las cuatro carreras se cursar\u00e1n en el edificio ubicado en el Polo Cient\u00edfico, que fuera inaugurado por el gobernador Gildo Insfr\u00e1n, hace poco m\u00e1s de un mes.<\/p>\n\n\n\n<p>El doctor Horacio Adri\u00e1n Gorostegui, director del IPF \u201cDr. Alberto Marcelo Zorrilla\u201d, precis\u00f3 que se encuentran en la etapa final los trabajos de puesta a punto del nuevo edificio, para albergar a un total de 329 estudiantes.<\/p>\n\n\n\n<p>\u201cA partir del lunes pr\u00f3ximo estaremos arrancando ya las actividades \u00e1ulicas con las cuatro carreras desde este maravilloso edificio que va a estar a disposici\u00f3n de nuestros j\u00f3venes, que eso es lo m\u00e1s importante\u201d, indic\u00f3 en declaraciones que formul\u00f3 a la&nbsp;<strong><em>Agencia de Noticias Formosa (AGENFOR).<\/em><\/strong><\/p>\n\n\n\n<figure class=\"wp-block-image\"><a href=\"https:\/\/agenfor.com.ar\/wp-content\/uploads\/2025\/07\/a7066791-d786-46aa-a29f-9be3256767af.jpeg\"><img decoding=\"async\" src=\"https:\/\/agenfor.com.ar\/wp-content\/uploads\/2025\/07\/a7066791-d786-46aa-a29f-9be3256767af.jpeg\" alt=\"\" class=\"wp-image-237833\"\/><\/a><\/figure>\n\n\n\n<p>Explic\u00f3 el docente que las actividades comenzar\u00e1n a las 8.30 horas cuando lleguen los colectivos que transportan a los estudiantes hasta el Polo, y se extender\u00e1n hasta las 22 horas, cuando finalice el horario de cursado de la carrera de Mecatr\u00f3nica.<\/p>\n\n\n\n<p>A\u00f1adi\u00f3 que entre los detalles que se ajustan, se encuentra todo lo referido al servicio nutricional, para alimentar a las casi 400 personas que estar\u00e1n en el IPF cada d\u00eda, en diferentes horarios.<\/p>\n\n\n\n<p>Para ello, el equipo de cocina, comandado por un chef, con cinco ayudantes, nutricionista y una bromat\u00f3loga, garantizar\u00e1 \u201cun servicio de primer nivel\u201d, precis\u00f3 Gorostegui.<\/p>\n\n\n\n<p><strong>Nuevo edificio<\/strong><\/p>\n\n\n\n<p>El nuevo edificio fue inaugurado por Insfr\u00e1n el 25 de junio \u00faltimo, durante una ceremonia que encabez\u00f3, donde ofici\u00f3 como orador principal y ratific\u00f3 su compromiso en la defensa de la ciencia y la tecnolog\u00eda como herramientas para consolidar la Naci\u00f3n argentina.<\/p>\n\n\n\n<p>La nueva infraestructura educativa albergar\u00e1 las cuatro tecnicaturas superiores vinculadas a \u00e1reas clave como mecatr\u00f3nica, desarrollo de software, qu\u00edmica industrial y electromec\u00e1nica, que ya est\u00e1n en marcha.<\/p>\n\n\n\n<p>Adem\u00e1s, en la oportunidad se entregaron notebooks para los estudiantes y un veh\u00edculo para el transporte de docentes, teniendo en cuenta que el IPF se encuentra ubicado en el predio del Polo Cient\u00edfico y Tecnol\u00f3gico en el kil\u00f3metro 1190 de la Ruta Nacional N\u00ba 81, en la ciudad capital.<\/p>\n","protected":false},"excerpt":{"rendered":"<p>El 4 de agosto cursar\u00e1n en el nuevo edificio en total 329 estudiantes. Finalizado el<\/p>\n","protected":false},"author":8,"featured_media":68244,"comment_status":"closed","ping_status":"closed","sticky":false,"template":"","format":"standard","meta":{"footnotes":""},"categories":[1],"tags":[],"class_list":["post-68243","post","type-post","status-publish","format-standard","has-post-thumbnail","hentry","category-noticias"],"_links":{"self":[{"href":"https:\/\/24formosa.com.ar\/index.php?rest_route=\/wp\/v2\/posts\/68243","targetHints":{"allow":["GET"]}}],"collection":[{"href":"https:\/\/24formosa.com.ar\/index.php?rest_route=\/wp\/v2\/posts"}],"about":[{"href":"https:\/\/24formosa.com.ar\/index.php?rest_route=\/wp\/v2\/types\/post"}],"author":[{"embeddable":true,"href":"https:\/\/24formosa.com.ar\/index.php?rest_route=\/wp\/v2\/users\/8"}],"replies":[{"embeddable":true,"href":"https:\/\/24formosa.com.ar\/index.php?rest_route=%2Fwp%2Fv2%2Fcomments&post=68243"}],"version-history":[{"count":1,"href":"https:\/\/24formosa.com.ar\/index.php?rest_route=\/wp\/v2\/posts\/68243\/revisions"}],"predecessor-version":[{"id":68245,"href":"https:\/\/24formosa.com.ar\/index.php?rest_route=\/wp\/v2\/posts\/68243\/revisions\/68245"}],"wp:featuredmedia":[{"embeddable":true,"href":"https:\/\/24formosa.com.ar\/index.php?rest_route=\/wp\/v2\/media\/68244"}],"wp:attachment":[{"href":"https:\/\/24formosa.com.ar\/index.php?rest_route=%2Fwp%2Fv2%2Fmedia&parent=68243"}],"wp:term":[{"taxonomy":"category","embeddable":true,"href":"https:\/\/24formosa.com.ar\/index.php?rest_route=%2Fwp%2Fv2%2Fcategories&post=68243"},{"taxonomy":"post_tag","embeddable":true,"href":"https:\/\/24formosa.com.ar\/index.php?rest_route=%2Fwp%2Fv2%2Ftags&post=68243"}],"curies":[{"name":"wp","href":"https:\/\/api.w.org\/{rel}","templated":true}]}}