{"id":68240,"date":"2025-07-29T22:01:52","date_gmt":"2025-07-30T01:01:52","guid":{"rendered":"https:\/\/24formosa.com.ar\/?p=68240"},"modified":"2025-07-29T22:01:53","modified_gmt":"2025-07-30T01:01:53","slug":"en-clorinda-el-vicegobernador-recorrio-locaciones-deportivas-con-miras-al-torneo-de-la-amistad-2025","status":"publish","type":"post","link":"https:\/\/24formosa.com.ar\/?p=68240","title":{"rendered":"En Clorinda, el Vicegobernador recorri\u00f3 locaciones deportivas con miras al Torneo de la Amistad 2025"},"content":{"rendered":"\n<p><em>Este lunes 28, el vicegobernador Eber Sol\u00eds estuvo en la ciudad de Clorinda para visitar las locaciones deportivas, al igual que predios sociales y culturales que albergar\u00e1n la cuarta edici\u00f3n del Torneo de la Amistad \u201cCopa Gildo Insfr\u00e1n 2025\u201d de f\u00fatbol femenino.<\/em><\/p>\n\n\n\n<p>\u201cEn esta hermosa jornada, por pedido de nuestro querido gobernador, el doctor Gildo Insfr\u00e1n, recorr\u00ed junto al secretario de Deportes y Recreaci\u00f3n Comunitaria, Mario Romay; el intendente de Clorinda, Ariel Caniza; y los diputados provinciales Azucena Santill\u00e1n y Rafael Navas, las locaciones deportivas, como as\u00ed tambi\u00e9n los predios sociales y culturales que ser\u00e1n protagonistas de la cuarta edici\u00f3n del Torneo de la Amistad\u201d, subray\u00f3.<\/p>\n\n\n\n<p>En ese marco, destac\u00f3 que dicha competici\u00f3n \u201crecibir\u00e1 a m\u00e1s de 1800 jugadoras de toda la provincia en la ciudad de Clorinda\u201d.<\/p>\n\n\n\n<figure class=\"wp-block-image\"><a href=\"https:\/\/agenfor.com.ar\/wp-content\/uploads\/2025\/07\/Vicegobernador-en-Clorinda1.jpg\"><img decoding=\"async\" src=\"https:\/\/agenfor.com.ar\/wp-content\/uploads\/2025\/07\/Vicegobernador-en-Clorinda1-1024x682.jpg\" alt=\"\" class=\"wp-image-237809\"\/><\/a><\/figure>\n\n\n\n<p>\u201cEste evento es m\u00e1s que un torneo; es una celebraci\u00f3n del deporte, la unidad y la fuerza de las mujeres formose\u00f1as en el f\u00fatbol\u201d, hizo notar.<\/p>\n\n\n\n<p>Para finalizar, puso de resalto que \u201cestamos comprometidos con brindarles el espacio y las oportunidades que merecen, fomentando el desarrollo del deporte en Formosa con mayor equidad y justicia social\u201d.<\/p>\n","protected":false},"excerpt":{"rendered":"<p>Este lunes 28, el vicegobernador Eber Sol\u00eds estuvo en la ciudad de Clorinda para visitar<\/p>\n","protected":false},"author":8,"featured_media":68241,"comment_status":"closed","ping_status":"closed","sticky":false,"template":"","format":"standard","meta":{"footnotes":""},"categories":[1],"tags":[],"class_list":["post-68240","post","type-post","status-publish","format-standard","has-post-thumbnail","hentry","category-noticias"],"_links":{"self":[{"href":"https:\/\/24formosa.com.ar\/index.php?rest_route=\/wp\/v2\/posts\/68240","targetHints":{"allow":["GET"]}}],"collection":[{"href":"https:\/\/24formosa.com.ar\/index.php?rest_route=\/wp\/v2\/posts"}],"about":[{"href":"https:\/\/24formosa.com.ar\/index.php?rest_route=\/wp\/v2\/types\/post"}],"author":[{"embeddable":true,"href":"https:\/\/24formosa.com.ar\/index.php?rest_route=\/wp\/v2\/users\/8"}],"replies":[{"embeddable":true,"href":"https:\/\/24formosa.com.ar\/index.php?rest_route=%2Fwp%2Fv2%2Fcomments&post=68240"}],"version-history":[{"count":1,"href":"https:\/\/24formosa.com.ar\/index.php?rest_route=\/wp\/v2\/posts\/68240\/revisions"}],"predecessor-version":[{"id":68242,"href":"https:\/\/24formosa.com.ar\/index.php?rest_route=\/wp\/v2\/posts\/68240\/revisions\/68242"}],"wp:featuredmedia":[{"embeddable":true,"href":"https:\/\/24formosa.com.ar\/index.php?rest_route=\/wp\/v2\/media\/68241"}],"wp:attachment":[{"href":"https:\/\/24formosa.com.ar\/index.php?rest_route=%2Fwp%2Fv2%2Fmedia&parent=68240"}],"wp:term":[{"taxonomy":"category","embeddable":true,"href":"https:\/\/24formosa.com.ar\/index.php?rest_route=%2Fwp%2Fv2%2Fcategories&post=68240"},{"taxonomy":"post_tag","embeddable":true,"href":"https:\/\/24formosa.com.ar\/index.php?rest_route=%2Fwp%2Fv2%2Ftags&post=68240"}],"curies":[{"name":"wp","href":"https:\/\/api.w.org\/{rel}","templated":true}]}}