{"id":68228,"date":"2025-07-29T21:49:34","date_gmt":"2025-07-30T00:49:34","guid":{"rendered":"https:\/\/24formosa.com.ar\/?p=68228"},"modified":"2025-07-29T21:49:35","modified_gmt":"2025-07-30T00:49:35","slug":"el-centro-de-salud-dr-luis-maria-codda-brindara-varios-servicios-este-jueves-por-su-aniversario-38","status":"publish","type":"post","link":"https:\/\/24formosa.com.ar\/?p=68228","title":{"rendered":"El centro de salud \u201cDr. Luis Mar\u00eda Codda\u201d brindar\u00e1 varios servicios este jueves por su aniversario 38\u00b0"},"content":{"rendered":"\n<p><em>La intenci\u00f3n es invitar a la comunidad a acercarse al efector del barrio Liborsi para ser parte de la celebraci\u00f3n este 31 de julio<\/em>&nbsp;<em>a partir de las 8 horas.<\/em><\/p>\n\n\n\n<p>La doctora Lorena D\u00edaz es la directora del centro de salud \u201cDr. Luis Mar\u00eda Codda\u201d del barrio Liborsi de la ciudad de Formosa, una instituci\u00f3n que se ocupa de la atenci\u00f3n primaria que el pr\u00f3ximo jueves 31 de julio estar\u00e1 celebrando 38 a\u00f1os de vida institucional. Por ese motivo, invit\u00f3 a todos los vecinos a festejarlo. &nbsp;&nbsp;<\/p>\n\n\n\n<p>El hecho de que lleve el nombre del doctor Codda, \u201ces porque todos siempre recuerdan que como m\u00e9dico pediatra recorr\u00eda las calles de la ciudad en bicicleta, visitando a sus pacientes\u201d, se\u00f1al\u00f3 a la&nbsp;<em><strong>Agencia de Noticias Formosa (AGENFOR)<\/strong><\/em>.<\/p>\n\n\n\n<p>\u201cEsto para nosotros un gran honor y orgullo\u201d, destac\u00f3 D\u00edaz, quien lleva 15 a\u00f1os desempe\u00f1\u00e1ndose en este efector inaugurado en el a\u00f1o 1987, tanto en la gesti\u00f3n directiva como en la atenci\u00f3n m\u00e9dica.<\/p>\n\n\n\n<p>Acto seguido, detall\u00f3 algunas de las prestaciones que se brindar\u00e1n este jueves 31: \u201cSe contar\u00e1 con el servicio del cami\u00f3n sanitario, que realizar\u00e1 mamograf\u00edas a las mujeres mayores de 40 a\u00f1os. Asimismo electrocardiogramas, Papanicolaou, en paralelo a la atenci\u00f3n a demanda\u201d.<\/p>\n\n\n\n<figure class=\"wp-block-image\"><a href=\"https:\/\/agenfor.com.ar\/wp-content\/uploads\/2025\/07\/465528291_917539236924820_5182947937827694286_n.jpg\"><img decoding=\"async\" src=\"https:\/\/agenfor.com.ar\/wp-content\/uploads\/2025\/07\/465528291_917539236924820_5182947937827694286_n-819x1024.jpg\" alt=\"\" class=\"wp-image-237894\"\/><\/a><figcaption class=\"wp-element-caption\"><em>La doctora Lorena D\u00edaz, directora del centro de salud<\/em><\/figcaption><\/figure>\n\n\n\n<p>Y puntualiz\u00f3 en que el \u00e1rea program\u00e1tica de este centro de salud \u201cva del acceso sur de la ciudad, extendi\u00e9ndose hacia el norte, abarcando varios barrios, entre los que est\u00e1n Liborsi, El Quebrachito, Divino Ni\u00f1o, Balb\u00edn, La Alborada, Incone\u201d.<\/p>\n\n\n\n<p>Seguido a ello, la directora especific\u00f3 que este centro de atenci\u00f3n primaria cuenta con \u201cdos pediatras, dos m\u00e9dicos generalistas, un equipo de salud mental, que trabajan de manera interdisciplinaria junto con los servicios de Nutrici\u00f3n y Pediatr\u00eda\u201d.<\/p>\n\n\n\n<p>De esa manera, \u201ctratamos de abordar de esa manera los diferentes problemas identificados en el \u00e1rea program\u00e1tica y ellos tienen diferentes dispositivos que se llevan adelante en el centro de salud\u201d, por lo que subray\u00f3 que &nbsp;\u201cen la provincia la salud p\u00fablica es una cuesti\u00f3n de Estado\u201d,<\/p>\n\n\n\n<p>Bajo esa premisa de la gesti\u00f3n del gobernador Gildo Insfr\u00e1n, es que tambi\u00e9n se hace \u201cun seguimiento para que el paciente sienta el acompa\u00f1amiento del centro de salud\u201d, para eso, grafic\u00f3 que, por ejemplo, \u201ccuando necesita el paciente una derivaci\u00f3n al segundo nivel, la instituci\u00f3n se ocupa de gestionarle en el sistema el turno al paciente\u201d. &nbsp;<\/p>\n\n\n\n<p>Siguiendo con el detalle de los servicios que se ofrecen, mencion\u00f3 que hay \u201cun equipo de enfermer\u00eda que hace salidas o visitas a terreno, casa por casa, donde ofrecen la vacuna. Igualmente, est\u00e1n a disposici\u00f3n de lunes a s\u00e1bados de 8 a 20 a demanda todas las vacunas de calendario, la antigripal, la del COVID-19\u201d.<\/p>\n\n\n\n<p>M\u00e1s all\u00e1 de esto, recalc\u00f3 que \u201clas visitas casa por casa son para aumentar las coberturas que es muy importante\u201d.<\/p>\n\n\n\n<p>Por \u00faltimo, sostuvo que \u201cconstantemente\u201d se dictan en las instituciones educativas charlas de prevenci\u00f3n bucal, alimentaci\u00f3n saludable, el cuidado del cuerpo, por mencionar algunas. Esto porque \u201cel primer nivel no solo es asistencial, sino tambi\u00e9n de prevenci\u00f3n\u201d, sintetiz\u00f3.<\/p>\n","protected":false},"excerpt":{"rendered":"<p>La intenci\u00f3n es invitar a la comunidad a acercarse al efector del barrio Liborsi para<\/p>\n","protected":false},"author":8,"featured_media":68229,"comment_status":"closed","ping_status":"closed","sticky":false,"template":"","format":"standard","meta":{"footnotes":""},"categories":[1],"tags":[],"class_list":["post-68228","post","type-post","status-publish","format-standard","has-post-thumbnail","hentry","category-noticias"],"_links":{"self":[{"href":"https:\/\/24formosa.com.ar\/index.php?rest_route=\/wp\/v2\/posts\/68228","targetHints":{"allow":["GET"]}}],"collection":[{"href":"https:\/\/24formosa.com.ar\/index.php?rest_route=\/wp\/v2\/posts"}],"about":[{"href":"https:\/\/24formosa.com.ar\/index.php?rest_route=\/wp\/v2\/types\/post"}],"author":[{"embeddable":true,"href":"https:\/\/24formosa.com.ar\/index.php?rest_route=\/wp\/v2\/users\/8"}],"replies":[{"embeddable":true,"href":"https:\/\/24formosa.com.ar\/index.php?rest_route=%2Fwp%2Fv2%2Fcomments&post=68228"}],"version-history":[{"count":1,"href":"https:\/\/24formosa.com.ar\/index.php?rest_route=\/wp\/v2\/posts\/68228\/revisions"}],"predecessor-version":[{"id":68230,"href":"https:\/\/24formosa.com.ar\/index.php?rest_route=\/wp\/v2\/posts\/68228\/revisions\/68230"}],"wp:featuredmedia":[{"embeddable":true,"href":"https:\/\/24formosa.com.ar\/index.php?rest_route=\/wp\/v2\/media\/68229"}],"wp:attachment":[{"href":"https:\/\/24formosa.com.ar\/index.php?rest_route=%2Fwp%2Fv2%2Fmedia&parent=68228"}],"wp:term":[{"taxonomy":"category","embeddable":true,"href":"https:\/\/24formosa.com.ar\/index.php?rest_route=%2Fwp%2Fv2%2Fcategories&post=68228"},{"taxonomy":"post_tag","embeddable":true,"href":"https:\/\/24formosa.com.ar\/index.php?rest_route=%2Fwp%2Fv2%2Ftags&post=68228"}],"curies":[{"name":"wp","href":"https:\/\/api.w.org\/{rel}","templated":true}]}}