{"id":68219,"date":"2025-07-29T21:37:14","date_gmt":"2025-07-30T00:37:14","guid":{"rendered":"https:\/\/24formosa.com.ar\/?p=68219"},"modified":"2025-07-29T21:37:16","modified_gmt":"2025-07-30T00:37:16","slug":"el-gobernador-insfran-establecio-que-el-1-de-agosto-sera-el-inicio-de-la-sesion-preparatoria-para-la-convencion-constituyente","status":"publish","type":"post","link":"https:\/\/24formosa.com.ar\/?p=68219","title":{"rendered":"El gobernador Insfr\u00e1n estableci\u00f3 que el 1\u00b0 de agosto ser\u00e1 el inicio de la sesi\u00f3n preparatoria para la Convenci\u00f3n Constituyente"},"content":{"rendered":"\n<p>El gobernador Gildo Insfr\u00e1n firm\u00f3 el decreto por el cual establece como fecha de inicio de la sesi\u00f3n preparatoria de la Honorable Convenci\u00f3n Constituyente el viernes 1\u00b0 de agosto de 2025, a las 9 horas, en cumplimiento del plazo establecido por la Ley N\u00b0 1.736.<\/p>\n\n\n\n<p>El decreto N\u00b0 383 firmado por el primer mandatario este 29 de julio fue refrendado por el ministro de la Jefatura de Gabinete, Antonio Ferreira. Este se\u00f1ala que, en vista de la Ley N\u00b0 1.736 y el decreto N\u00b0 325\/25, y considerando que la mencionada ley declar\u00f3 en su art\u00edculo 1\u00b0 la necesidad de la reforma total de la Constituci\u00f3n Provincial (art\u00edculos 1\u00b0 a 189), disponiendo asimismo el plazo de doce meses para el llamado a elecciones para Convencionales Constituyentes a los fines expresados en la misma.<\/p>\n\n\n\n<p>En esa misma l\u00ednea, sigue diciendo el instrumento legal \u201cque nuestra Carta Magna establece que, sancionada la necesidad de la reforma, \u00e9sta se har\u00e1 por una Convenci\u00f3n Constituyente compuesta de diputados elegidos directamente por el pueblo. Dicha Convenci\u00f3n se compondr\u00e1 de un n\u00famero de diputados igual al de los miembros de la C\u00e1mara de Representantes\u201d.<\/p>\n\n\n\n<p>Cabe recordar que tambi\u00e9n \u201cpor el Decreto N\u00b0 325\/25 se convoc\u00f3 a comicios en todo el territorio de la Provincia para el domingo 29 de junio pasado, a fin de elegir 30 convencionales constituyentes para la reforma de la Constituci\u00f3n Provincial, en los t\u00e9rminos de la citada ley\u201d y \u201cque una vez realizado el acto comicial y concluido el escrutinio definitivo, por Acta N\u00b0 70\/25 el Tribunal Electoral Permanente -TEP- resolvi\u00f3 declarar electos y adjudicar las respectivas bancas a treinta (30) diputados convencionales constituyentes en raz\u00f3n de los resultados obtenidos en los comicios del 29 de junio pasado\u201d.<\/p>\n\n\n\n<p>As\u00ed fue como el pasado 27 de julio realiz\u00f3 el TEP, mediante Acta N\u00b0 75\/25, el acto de proclamaci\u00f3n y entrega de t\u00edtulos a los convencionales constituyentes electos, cumpliment\u00e1ndose lo previsto en el art\u00edculo 9\u00b0 de la Ley N\u00b0 1.736, en relaci\u00f3n al plazo para el inicio del funcionamiento de la Convenci\u00f3n Constituyente.<\/p>\n\n\n\n<p>De esa manera, &nbsp;en atenci\u00f3n a lo expuesto, fue establecido por el decreto N\u00b0 383 firmado por el gobernador Insfr\u00e1n que el 1\u00b0 de agosto se celebrar\u00e1 la correspondiente sesi\u00f3n preparatoria por parte del Honorable Cuerpo que tendr\u00e1 a su cargo tan trascendente funci\u00f3n de reformar la Constituci\u00f3n Provincial.<\/p>\n\n\n\n<figure class=\"wp-block-image\"><a href=\"https:\/\/agenfor.com.ar\/wp-content\/uploads\/2025\/07\/D.383-25_page-0001.jpg\"><img decoding=\"async\" src=\"https:\/\/agenfor.com.ar\/wp-content\/uploads\/2025\/07\/D.383-25_page-0001-612x1024.jpg\" alt=\"\" class=\"wp-image-237904\"\/><\/a><\/figure>\n","protected":false},"excerpt":{"rendered":"<p>El gobernador Gildo Insfr\u00e1n firm\u00f3 el decreto por el cual establece como fecha de inicio<\/p>\n","protected":false},"author":8,"featured_media":68220,"comment_status":"closed","ping_status":"closed","sticky":false,"template":"","format":"standard","meta":{"footnotes":""},"categories":[1],"tags":[],"class_list":["post-68219","post","type-post","status-publish","format-standard","has-post-thumbnail","hentry","category-noticias"],"_links":{"self":[{"href":"https:\/\/24formosa.com.ar\/index.php?rest_route=\/wp\/v2\/posts\/68219","targetHints":{"allow":["GET"]}}],"collection":[{"href":"https:\/\/24formosa.com.ar\/index.php?rest_route=\/wp\/v2\/posts"}],"about":[{"href":"https:\/\/24formosa.com.ar\/index.php?rest_route=\/wp\/v2\/types\/post"}],"author":[{"embeddable":true,"href":"https:\/\/24formosa.com.ar\/index.php?rest_route=\/wp\/v2\/users\/8"}],"replies":[{"embeddable":true,"href":"https:\/\/24formosa.com.ar\/index.php?rest_route=%2Fwp%2Fv2%2Fcomments&post=68219"}],"version-history":[{"count":1,"href":"https:\/\/24formosa.com.ar\/index.php?rest_route=\/wp\/v2\/posts\/68219\/revisions"}],"predecessor-version":[{"id":68221,"href":"https:\/\/24formosa.com.ar\/index.php?rest_route=\/wp\/v2\/posts\/68219\/revisions\/68221"}],"wp:featuredmedia":[{"embeddable":true,"href":"https:\/\/24formosa.com.ar\/index.php?rest_route=\/wp\/v2\/media\/68220"}],"wp:attachment":[{"href":"https:\/\/24formosa.com.ar\/index.php?rest_route=%2Fwp%2Fv2%2Fmedia&parent=68219"}],"wp:term":[{"taxonomy":"category","embeddable":true,"href":"https:\/\/24formosa.com.ar\/index.php?rest_route=%2Fwp%2Fv2%2Fcategories&post=68219"},{"taxonomy":"post_tag","embeddable":true,"href":"https:\/\/24formosa.com.ar\/index.php?rest_route=%2Fwp%2Fv2%2Ftags&post=68219"}],"curies":[{"name":"wp","href":"https:\/\/api.w.org\/{rel}","templated":true}]}}