{"id":67171,"date":"2025-06-05T22:18:54","date_gmt":"2025-06-06T01:18:54","guid":{"rendered":"https:\/\/24formosa.com.ar\/?p=67171"},"modified":"2025-06-05T22:18:55","modified_gmt":"2025-06-06T01:18:55","slug":"formosa-unida-presento-candidatos-en-las-lomitas","status":"publish","type":"post","link":"https:\/\/24formosa.com.ar\/?p=67171","title":{"rendered":"\u201cFormosa Unida\u201d present\u00f3 candidatos en Las Lomitas"},"content":{"rendered":"\n<p><em>El sublema \u201cFormosa Unida\u201d<\/em>&nbsp;<em>del Frente de la Victoria (FdV) lanz\u00f3 a sus candidatos a concejales Diego Ortega y Bel\u00e9n Del Grosso, en la localidad de Las Lomitas.<\/em><\/p>\n\n\n\n<p>La presentaci\u00f3n, de cara a las elecciones legislativas del 29 de junio, cont\u00f3 con una buena concurrencia de vecinos, que acompa\u00f1an a estos j\u00f3venes candidatos.}<\/p>\n\n\n\n<p>Ortega explic\u00f3 que siempre se dedic\u00f3 a la pol\u00edtica desde la faceta social y se calific\u00f3 como un conocedor de su pueblo. \u201cMis abuelos fueron los primeros fundadores de Las Lomitas, en base a eso me pregunt\u00e9 por qu\u00e9 no hacerlo. Mi mam\u00e1 fue concejal en su momento, todo esto me lleva a que conozco muy bien las necesidades del pueblo y voy a luchar con eso\u201d, cont\u00f3 en una entrevista con la<strong><em>&nbsp;Agencia de Noticias Formosa (AGENFOR).<\/em><\/strong><\/p>\n\n\n\n<p>Agradeci\u00f3 el apoyo que recibi\u00f3 del gobernador Gildo Insfr\u00e1n y del vicegobernador Eber Sol\u00eds para encarar esta campa\u00f1a electoral, y sostuvo que encolumnarse detr\u00e1s del Modelo Formose\u00f1o le dio fuerza y decisi\u00f3n.<\/p>\n\n\n\n<figure class=\"wp-block-image\"><a href=\"https:\/\/agenfor.com.ar\/wp-content\/uploads\/2025\/06\/0d1319e2-e20c-4f07-a9fa-96747309dc93.jpeg\"><img decoding=\"async\" src=\"https:\/\/agenfor.com.ar\/wp-content\/uploads\/2025\/06\/0d1319e2-e20c-4f07-a9fa-96747309dc93-1024x768.jpeg\" alt=\"\" class=\"wp-image-231815\"\/><\/a><\/figure>\n\n\n\n<p>Ortega se\u00f1al\u00f3 tambi\u00e9n que cada d\u00eda conoce m\u00e1s la problem\u00e1tica de su localidad y se comprometi\u00f3 a cumplir con responsabilidad su rol de legislador, en caso de ser elegido por sus vecinos.<\/p>\n\n\n\n<p>\u201cEn el pueblo hay mucho para hacer, estamos abandonados\u201d, lament\u00f3 y cuestion\u00f3 al intendente Atilio Basualdo, quien fuera electo por el electorado justicialista y luego \u201ccambi\u00f3 de vereda\u201d, para responder al presidente Javier Milei.<\/p>\n\n\n\n<p>En cuanto a su compa\u00f1era de f\u00f3rmula, Bel\u00e9n Del Grosso, se\u00f1al\u00f3 que se trata de una persona capaz, capacitada para el cargo y dedicada a la tarea social.<\/p>\n","protected":false},"excerpt":{"rendered":"<p>El sublema \u201cFormosa Unida\u201d&nbsp;del Frente de la Victoria (FdV) lanz\u00f3 a sus candidatos a concejales<\/p>\n","protected":false},"author":8,"featured_media":67172,"comment_status":"closed","ping_status":"closed","sticky":false,"template":"","format":"standard","meta":{"footnotes":""},"categories":[1],"tags":[],"class_list":["post-67171","post","type-post","status-publish","format-standard","has-post-thumbnail","hentry","category-noticias"],"_links":{"self":[{"href":"https:\/\/24formosa.com.ar\/index.php?rest_route=\/wp\/v2\/posts\/67171","targetHints":{"allow":["GET"]}}],"collection":[{"href":"https:\/\/24formosa.com.ar\/index.php?rest_route=\/wp\/v2\/posts"}],"about":[{"href":"https:\/\/24formosa.com.ar\/index.php?rest_route=\/wp\/v2\/types\/post"}],"author":[{"embeddable":true,"href":"https:\/\/24formosa.com.ar\/index.php?rest_route=\/wp\/v2\/users\/8"}],"replies":[{"embeddable":true,"href":"https:\/\/24formosa.com.ar\/index.php?rest_route=%2Fwp%2Fv2%2Fcomments&post=67171"}],"version-history":[{"count":1,"href":"https:\/\/24formosa.com.ar\/index.php?rest_route=\/wp\/v2\/posts\/67171\/revisions"}],"predecessor-version":[{"id":67173,"href":"https:\/\/24formosa.com.ar\/index.php?rest_route=\/wp\/v2\/posts\/67171\/revisions\/67173"}],"wp:featuredmedia":[{"embeddable":true,"href":"https:\/\/24formosa.com.ar\/index.php?rest_route=\/wp\/v2\/media\/67172"}],"wp:attachment":[{"href":"https:\/\/24formosa.com.ar\/index.php?rest_route=%2Fwp%2Fv2%2Fmedia&parent=67171"}],"wp:term":[{"taxonomy":"category","embeddable":true,"href":"https:\/\/24formosa.com.ar\/index.php?rest_route=%2Fwp%2Fv2%2Fcategories&post=67171"},{"taxonomy":"post_tag","embeddable":true,"href":"https:\/\/24formosa.com.ar\/index.php?rest_route=%2Fwp%2Fv2%2Ftags&post=67171"}],"curies":[{"name":"wp","href":"https:\/\/api.w.org\/{rel}","templated":true}]}}