{"id":67153,"date":"2025-06-05T22:05:11","date_gmt":"2025-06-06T01:05:11","guid":{"rendered":"https:\/\/24formosa.com.ar\/?p=67153"},"modified":"2025-06-05T22:05:12","modified_gmt":"2025-06-06T01:05:12","slug":"muracciole-el-gobernador-inauguro-once-obras-en-cinco-dias-mientras-la-oposicion-ni-siquiera-tiene-un-proyecto","status":"publish","type":"post","link":"https:\/\/24formosa.com.ar\/?p=67153","title":{"rendered":"Muracciole: \u201cEl Gobernador inaugur\u00f3 once obras en cinco d\u00edas\u201d mientras \u201cla oposici\u00f3n ni siquiera tiene un proyecto\u201d"},"content":{"rendered":"\n<p><em>En el marco de una nueva inauguraci\u00f3n encabezada por el gobernador Gildo Insfr\u00e1n, el rector de la Universidad Provincial de Laguna Blanca (UPLaB), el licenciado Adri\u00e1n Muracciole, destac\u00f3 las m\u00faltiples obras habilitadas esta semana en distintos puntos de la geograf\u00eda provincial, mientras que \u201cla oposici\u00f3n no hace nada\u201d.<\/em><\/p>\n\n\n\n<p>Este jueves 5, en horas de la tarde, el primer mandatario hizo entrega del Centro Comunitario del barrio La Nueva Formosa, una nueva infraestructura que se suma para cubrir las distintas necesidades sociales y marcar la presencia del Estado provincial al servicio del pueblo.<\/p>\n\n\n\n<p>Al respecto, Muracciole, quien es candidato a convencional constituyente por el Frente de la Victoria, resalt\u00f3 que \u201ces la octava obra que el gobernador Gildo Insfr\u00e1n inaugura en lo que va a de esta semana\u201d, y repas\u00f3: \u201cEmpez\u00f3 el lunes con tres establecimientos educativos en la colonia El Progreso y en Bartolom\u00e9 de las Casas, donde adem\u00e1s inaugur\u00f3 un centro de distribuci\u00f3n de agua potable; luego un polideportivo y una Casa de la Solidaridad en Comandante Fontana\u201d.<\/p>\n\n\n\n<p>Luego, hizo lo propio con el Centro de Desarrollo Infantil en el barrio Obrero de la ciudad Capital, sigui\u00f3 ampliando, al tiempo que mencion\u00f3 que \u201cel vicegobernador Eber Sol\u00eds tambi\u00e9n puso en funcionamiento en colonia Salvaci\u00f3n y Monte Lindo dos escuelas m\u00e1s llegar a las 1520 obras educativas en la gesti\u00f3n del gobernador Insfr\u00e1n\u201d.<\/p>\n\n\n\n<p>Asimismo, record\u00f3 que, este viernes 6, se espera que el Gobernador inaugure el predio del Club Deportivo Social y Cultural F\u00e1tima, ubicado en el ingreso del barrio Bernardino Rivadavia, en la zona ribere\u00f1a de la ciudad de Formosa. \u201cEs decir, once obras en cinco d\u00edas\u201d, destac\u00f3 el candidato a convencional constituyente.<\/p>\n\n\n\n<figure class=\"wp-block-image\"><a href=\"https:\/\/agenfor.com.ar\/wp-content\/uploads\/2025\/06\/photo_5049009901178826188_y.jpg\"><img decoding=\"async\" src=\"https:\/\/agenfor.com.ar\/wp-content\/uploads\/2025\/06\/photo_5049009901178826188_y-1024x682.jpg\" alt=\"\" class=\"wp-image-231926\"\/><\/a><figcaption class=\"wp-element-caption\">Centro Comunitario del barrio La Nueva Formosa<\/figcaption><\/figure>\n\n\n\n<p><strong>Diferencia sustancial con la oposici\u00f3n<\/strong><\/p>\n\n\n\n<p>En este sentido, cuestion\u00f3 \u201c\u00bfQu\u00e9 hizo la oposici\u00f3n en estos cinco d\u00edas?\u201d, marcando que \u201cvotaron en contra de los jubilados mientras el Gobierno nacional les pegaba afuera del Congreso, y tambi\u00e9n a los m\u00e9dicos del Garrahan y reprim\u00eda a los cient\u00edficos del CONICET\u201d.<\/p>\n\n\n\n<p>Despu\u00e9s, continu\u00f3 \u201chubo otros que intentaron sembrar odio, violencia y mentira, y el resto hizo lo que hace siempre, absolutamente nada\u201d, y subray\u00f3 que \u201csi hay algo que caracteriza a la oposici\u00f3n de Formosa es que nunca hace nada por la provincia\u201d.<\/p>\n\n\n\n<p>\u201cEsta semana fue la demostraci\u00f3n cabal de la diferencia que hay justamente entre el Modelo Formose\u00f1o y la oposici\u00f3n local que ni siquiera tiene un proyecto\u201d, asegur\u00f3 Muracciole, subrayando que \u201csolo esperan \u00f3rdenes de Buenos Aires que siempre son las mismas: salir en un medio nacional, hablar mal de Formosa y de los formose\u00f1os\u201d.<\/p>\n\n\n\n<p>De esta manera, insisti\u00f3 en que \u201clas diferencias son sustanciales y radican en la concepci\u00f3n diametralmente opuesta que tenemos de la pol\u00edtica\u201d y recalc\u00f3 que \u201cnosotros los militantes del Modelo Formose\u00f1o creemos que es una herramienta de transformaci\u00f3n que sirve para que todos los d\u00edas construyamos una mejor sociedad, para que la gente viva cada vez mejor, para que cada formose\u00f1o y formose\u00f1a pueda realizarse plenamente junto a su familia y a su comunidad, porque nadie se realiza en una comunidad que no se realiza\u201d<\/p>\n\n\n\n<p>Mientras tanto, sostuvo que \u201cindependientemente del espacio que dicen representar, porque se suelen cambiar bastante de lema, los opositores ven a la pol\u00edtica como un veh\u00edculo para satisfacer ambiciones personales y tener beneficios individuales\u201d.<\/p>\n\n\n\n<p>Afirmando que \u201clejos de pensar en las necesidades del pueblo, se sienten muy c\u00f3modos siendo lacayos de los gobiernos antipopulares que quieren dejar todo en manos del mercado, que siempre termina con los ricos cada vez m\u00e1s ricos y las mayor\u00edas populares sufriendo ajuste y represi\u00f3n como est\u00e1 ocurriendo a nivel nacional\u201d.<\/p>\n\n\n\n<p>Por eso, expres\u00f3 que, las elecciones del 29 de junio \u201cson fundamentales, porque los candidatos a concejales y a diputados provinciales son los que van a acompa\u00f1ar desde las legislaturas el proceso de transformaci\u00f3n frente a los que quieren condenarnos al atraso\u201d.<\/p>\n\n\n\n<p>Pero, asegur\u00f3 que \u201ca\u00fan m\u00e1s importante es que los convencionales constituyentes van a ser elegidos para reformar nuestra Constituci\u00f3n y tenemos la oportunidad hist\u00f3rica de que todos los derechos que hemos conseguido de la mano del Modelo Formose\u00f1o sean reformados y por lo tanto, sean garantizados para siempre\u201d.<\/p>\n\n\n\n<p>Y por eso, se\u00f1al\u00f3 que \u201ctengo la absoluta certeza de que este 29 el pueblo formose\u00f1o, que es agradecido y esclarecido, va a acompa\u00f1ar rotundamente al Modelo Formose\u00f1o y a sus candidatos, porque fundamentalmente van a acompa\u00f1ar al conductor, el doctor Gildo Insfr\u00e1n\u201d.<\/p>\n","protected":false},"excerpt":{"rendered":"<p>En el marco de una nueva inauguraci\u00f3n encabezada por el gobernador Gildo Insfr\u00e1n, el rector<\/p>\n","protected":false},"author":8,"featured_media":67154,"comment_status":"closed","ping_status":"closed","sticky":false,"template":"","format":"standard","meta":{"footnotes":""},"categories":[1],"tags":[],"class_list":["post-67153","post","type-post","status-publish","format-standard","has-post-thumbnail","hentry","category-noticias"],"_links":{"self":[{"href":"https:\/\/24formosa.com.ar\/index.php?rest_route=\/wp\/v2\/posts\/67153","targetHints":{"allow":["GET"]}}],"collection":[{"href":"https:\/\/24formosa.com.ar\/index.php?rest_route=\/wp\/v2\/posts"}],"about":[{"href":"https:\/\/24formosa.com.ar\/index.php?rest_route=\/wp\/v2\/types\/post"}],"author":[{"embeddable":true,"href":"https:\/\/24formosa.com.ar\/index.php?rest_route=\/wp\/v2\/users\/8"}],"replies":[{"embeddable":true,"href":"https:\/\/24formosa.com.ar\/index.php?rest_route=%2Fwp%2Fv2%2Fcomments&post=67153"}],"version-history":[{"count":1,"href":"https:\/\/24formosa.com.ar\/index.php?rest_route=\/wp\/v2\/posts\/67153\/revisions"}],"predecessor-version":[{"id":67155,"href":"https:\/\/24formosa.com.ar\/index.php?rest_route=\/wp\/v2\/posts\/67153\/revisions\/67155"}],"wp:featuredmedia":[{"embeddable":true,"href":"https:\/\/24formosa.com.ar\/index.php?rest_route=\/wp\/v2\/media\/67154"}],"wp:attachment":[{"href":"https:\/\/24formosa.com.ar\/index.php?rest_route=%2Fwp%2Fv2%2Fmedia&parent=67153"}],"wp:term":[{"taxonomy":"category","embeddable":true,"href":"https:\/\/24formosa.com.ar\/index.php?rest_route=%2Fwp%2Fv2%2Fcategories&post=67153"},{"taxonomy":"post_tag","embeddable":true,"href":"https:\/\/24formosa.com.ar\/index.php?rest_route=%2Fwp%2Fv2%2Ftags&post=67153"}],"curies":[{"name":"wp","href":"https:\/\/api.w.org\/{rel}","templated":true}]}}