{"id":67108,"date":"2025-06-03T22:22:41","date_gmt":"2025-06-04T01:22:41","guid":{"rendered":"https:\/\/24formosa.com.ar\/?p=67108"},"modified":"2025-06-03T22:22:42","modified_gmt":"2025-06-04T01:22:42","slug":"insfran-inaugurara-la-ampliacion-del-centro-de-desarrollo-infantil-del-barrio-obrero","status":"publish","type":"post","link":"https:\/\/24formosa.com.ar\/?p=67108","title":{"rendered":"Insfr\u00e1n inaugurar\u00e1 la ampliaci\u00f3n del Centro de Desarrollo Infantil del barrio Obrero"},"content":{"rendered":"\n<p>Este mi\u00e9rcoles 4 de junio, a las 16.45 horas, el gobernador de Formosa, Gildo Insfr\u00e1n, dejar\u00e1 inauguradas las obras de refacci\u00f3n y ampliaci\u00f3n del Centro de Desarrollo Infantil \u201cDivino Ni\u00f1o\u201d, ubicado en la intersecci\u00f3n de Salta y Nascimiento Filho, del barrio Obrero de la ciudad capital.<\/p>\n\n\n\n<p>El edificio cuenta con una superficie cubierta ampliada de 165 metros cuadrados, en una superficie total del terreno de 940 metros cuadrados.<\/p>\n\n\n\n<figure class=\"wp-block-image\"><a href=\"https:\/\/agenfor.com.ar\/wp-content\/uploads\/2025\/06\/CDI2-1-scaled.jpg\"><img decoding=\"async\" src=\"https:\/\/agenfor.com.ar\/wp-content\/uploads\/2025\/06\/CDI2-1-1024x768.jpg\" alt=\"\" class=\"wp-image-231510\"\/><\/a><\/figure>\n\n\n\n<p>En cuanto a la obra en s\u00ed, el sector ampliado cuenta con cocina, sala con cambiador para beb\u00e9s, sala de espera y galer\u00edas, mientras que la superficie refaccionada, incluye las tres salas con sus respectivos ba\u00f1os.<\/p>\n\n\n\n<p>Adem\u00e1s, otra sala con cambiador para beb\u00e9s, la oficina de Regencia, sala de lectura, un dep\u00f3sito, el sal\u00f3n de usos m\u00faltiples, la despensa para alimentos y otro n\u00facleo de ba\u00f1os para uso de personal o visitantes.<\/p>\n\n\n\n<figure class=\"wp-block-image\"><a href=\"https:\/\/agenfor.com.ar\/wp-content\/uploads\/2025\/06\/CDI-fotos-inauguracion.jpeg\"><img decoding=\"async\" src=\"https:\/\/agenfor.com.ar\/wp-content\/uploads\/2025\/06\/CDI-fotos-inauguracion-1024x575.jpeg\" alt=\"\" class=\"wp-image-231515\"\/><\/a><\/figure>\n\n\n\n<p>Tambi\u00e9n, un ba\u00f1o para personas con discapacidad, otro n\u00facleo de ba\u00f1os para uso infantil y el patio interno.<\/p>\n\n\n\n<p>En cuanto a los aspectos constructivos, la vereda perimetral exterior est\u00e1 revestida con piso gran\u00edtico, cuenta con rampas de acceso, parquizado exterior, rejas interiores y exteriores, entre otros detalles.<\/p>\n","protected":false},"excerpt":{"rendered":"<p>Este mi\u00e9rcoles 4 de junio, a las 16.45 horas, el gobernador de Formosa, Gildo Insfr\u00e1n,<\/p>\n","protected":false},"author":8,"featured_media":67109,"comment_status":"closed","ping_status":"closed","sticky":false,"template":"","format":"standard","meta":{"footnotes":""},"categories":[1],"tags":[],"class_list":["post-67108","post","type-post","status-publish","format-standard","has-post-thumbnail","hentry","category-noticias"],"_links":{"self":[{"href":"https:\/\/24formosa.com.ar\/index.php?rest_route=\/wp\/v2\/posts\/67108","targetHints":{"allow":["GET"]}}],"collection":[{"href":"https:\/\/24formosa.com.ar\/index.php?rest_route=\/wp\/v2\/posts"}],"about":[{"href":"https:\/\/24formosa.com.ar\/index.php?rest_route=\/wp\/v2\/types\/post"}],"author":[{"embeddable":true,"href":"https:\/\/24formosa.com.ar\/index.php?rest_route=\/wp\/v2\/users\/8"}],"replies":[{"embeddable":true,"href":"https:\/\/24formosa.com.ar\/index.php?rest_route=%2Fwp%2Fv2%2Fcomments&post=67108"}],"version-history":[{"count":1,"href":"https:\/\/24formosa.com.ar\/index.php?rest_route=\/wp\/v2\/posts\/67108\/revisions"}],"predecessor-version":[{"id":67110,"href":"https:\/\/24formosa.com.ar\/index.php?rest_route=\/wp\/v2\/posts\/67108\/revisions\/67110"}],"wp:featuredmedia":[{"embeddable":true,"href":"https:\/\/24formosa.com.ar\/index.php?rest_route=\/wp\/v2\/media\/67109"}],"wp:attachment":[{"href":"https:\/\/24formosa.com.ar\/index.php?rest_route=%2Fwp%2Fv2%2Fmedia&parent=67108"}],"wp:term":[{"taxonomy":"category","embeddable":true,"href":"https:\/\/24formosa.com.ar\/index.php?rest_route=%2Fwp%2Fv2%2Fcategories&post=67108"},{"taxonomy":"post_tag","embeddable":true,"href":"https:\/\/24formosa.com.ar\/index.php?rest_route=%2Fwp%2Fv2%2Ftags&post=67108"}],"curies":[{"name":"wp","href":"https:\/\/api.w.org\/{rel}","templated":true}]}}