{"id":67105,"date":"2025-06-03T22:21:22","date_gmt":"2025-06-04T01:21:22","guid":{"rendered":"https:\/\/24formosa.com.ar\/?p=67105"},"modified":"2025-06-03T22:21:23","modified_gmt":"2025-06-04T01:21:23","slug":"el-programa-de-accion-comunitaria-todos-unidos-arribo-con-todos-sus-servicios-al-barrio-28-de-junio","status":"publish","type":"post","link":"https:\/\/24formosa.com.ar\/?p=67105","title":{"rendered":"El Programa de Acci\u00f3n Comunitaria \u201cTodos Unidos\u201d arrib\u00f3 con todos sus servicios al barrio 28 de Junio"},"content":{"rendered":"\n<p>El Programa de Acci\u00f3n Comunitaria \u201cTodos Unidos\u201d visit\u00f3 el barrio 28 de Junio (exLote 110) de la ciudad de Formosa este martes 3, en una jornada desarrollada de 14 a 18 horas. En la cancha de dicho barrio se brindaron servicios de manera gratuita a las familias del lugar, atenciones organizadas entre los diferentes organismos del Gobierno provincial.<\/p>\n\n\n\n<p>La colaboraci\u00f3n activa de todas las \u00e1reas, adem\u00e1s de la feria PAIPPA y la de emprendedores, y destacar tambi\u00e9n el espacio de escucha y asesoramiento, peluquer\u00eda gratuita, actividades recreativas, entre otras acciones desplegadas en el territorio.<\/p>\n\n\n\n<p>Con la&nbsp;<strong><em>Agencia de Noticias Formosa (AGENFOR)<\/em><\/strong>&nbsp;dialog\u00f3 la doctora Mirta Retamozo, directora del Registro Civil y Capacidad de las Personas, quien se\u00f1al\u00f3 que la instituci\u00f3n realiz\u00f3 tramites como la actualizaci\u00f3n de DNI.<\/p>\n\n\n\n<p>En el caso de los ni\u00f1os y ni\u00f1as la actualizaci\u00f3n es entre los 5 y 8 a\u00f1os, y en adolescentes, desde los 14 a\u00f1os. Tambi\u00e9n a los adultos con los cambios de domicilio. \u201cY todos ellos son gratuitos por una decisi\u00f3n pol\u00edtica del gobernador Insfr\u00e1n\u201d, es decir que \u201clos costos de los tr\u00e1mites son absorbidos por el Gobierno provincial\u201d, subray\u00f3.<\/p>\n\n\n\n<figure class=\"wp-block-image\"><a href=\"https:\/\/agenfor.com.ar\/wp-content\/uploads\/2025\/06\/WhatsApp-Image-2025-06-03-at-4.37.43-PM.jpeg\"><img decoding=\"async\" src=\"https:\/\/agenfor.com.ar\/wp-content\/uploads\/2025\/06\/WhatsApp-Image-2025-06-03-at-4.37.43-PM-1024x461.jpeg\" alt=\"\" class=\"wp-image-231586\"\/><\/a><\/figure>\n\n\n\n<p>Tambi\u00e9n a la convocante jornada en el barrio 28 de Junio llegaron las familias del barrio Salvador Gurrieri. \u201cAs\u00ed que contentos por esto\u201d, expres\u00f3 Retamozo, quien es candidata a concejal de la ciudad de Formosa por el Frente de la Victoria para los comicios del 29 de junio.<\/p>\n\n\n\n<p>En ese sentido, ella junto a otros candidatos a los cargos de diputados provinciales y convencionales constituyentes dialogaron con los vecinos.<\/p>\n\n\n\n<p>En ese intercambio, seg\u00fan se\u00f1al\u00f3 a la Agencia, entre las principales demandan, en general, est\u00e1n \u201ccuestiones referidas a la iluminaci\u00f3n en el barrio, al igual que enripiado, la limpieza de pastizales, porque a ra\u00edz de las lluvias crece m\u00e1s r\u00e1pido\u201d.<\/p>\n\n\n\n<p>\u201cEl Estado provincial siempre est\u00e1 presente por eso de la importancia de defender al Modelo Formose\u00f1o\u201d, acentu\u00f3 categ\u00f3rica, al mismo tiempo que sobre las elecciones, dijo \u201cque estamos en presencia de un hecho hist\u00f3rico\u201d ante la futura reforma de la Constituci\u00f3n Provincial, \u201cen donde defenderemos todos los derechos que se han conquistado\u201d.<\/p>\n\n\n\n<p>Por su parte, Fernando Bogar\u00edn, presidente del club Lote 110, se mostr\u00f3 \u201ccontento de estar junto a los vecinos\u201d y que en estas actividades se vivencia que Formosa tiene un \u201cEstado presente\u201d que lleva los servicios a los barrios, \u201ca trav\u00e9s de los diferentes organismos\u201d.<\/p>\n\n\n\n<p>Por ese motivo, asegur\u00f3 que \u201cla gente los recibe muy contenta\u201d, as\u00ed tambi\u00e9n se expres\u00f3 Valeria M\u00e9ndez, militante del Modelo Formose\u00f1o, al exponer su satisfacci\u00f3n por haberse concretado esta nueva jornada, una m\u00e1s que \u201csiempre\u201d tiene como fin \u201cel acompa\u00f1amiento\u201d a las familias.<\/p>\n\n\n\n<p>Por \u00faltimo, agradeci\u00f3 al Partido Justicialista por la oportunidad de ser parte de la lista de candidatos a convencionales constituyentes por el Frente de la Victoria. \u201cEs un orgullo muy grande ser candidata, pero sabiendo que es una gran responsabilidad tambi\u00e9n\u201d.<\/p>\n","protected":false},"excerpt":{"rendered":"<p>El Programa de Acci\u00f3n Comunitaria \u201cTodos Unidos\u201d visit\u00f3 el barrio 28 de Junio (exLote 110)<\/p>\n","protected":false},"author":8,"featured_media":67106,"comment_status":"closed","ping_status":"closed","sticky":false,"template":"","format":"standard","meta":{"footnotes":""},"categories":[1],"tags":[],"class_list":["post-67105","post","type-post","status-publish","format-standard","has-post-thumbnail","hentry","category-noticias"],"_links":{"self":[{"href":"https:\/\/24formosa.com.ar\/index.php?rest_route=\/wp\/v2\/posts\/67105","targetHints":{"allow":["GET"]}}],"collection":[{"href":"https:\/\/24formosa.com.ar\/index.php?rest_route=\/wp\/v2\/posts"}],"about":[{"href":"https:\/\/24formosa.com.ar\/index.php?rest_route=\/wp\/v2\/types\/post"}],"author":[{"embeddable":true,"href":"https:\/\/24formosa.com.ar\/index.php?rest_route=\/wp\/v2\/users\/8"}],"replies":[{"embeddable":true,"href":"https:\/\/24formosa.com.ar\/index.php?rest_route=%2Fwp%2Fv2%2Fcomments&post=67105"}],"version-history":[{"count":1,"href":"https:\/\/24formosa.com.ar\/index.php?rest_route=\/wp\/v2\/posts\/67105\/revisions"}],"predecessor-version":[{"id":67107,"href":"https:\/\/24formosa.com.ar\/index.php?rest_route=\/wp\/v2\/posts\/67105\/revisions\/67107"}],"wp:featuredmedia":[{"embeddable":true,"href":"https:\/\/24formosa.com.ar\/index.php?rest_route=\/wp\/v2\/media\/67106"}],"wp:attachment":[{"href":"https:\/\/24formosa.com.ar\/index.php?rest_route=%2Fwp%2Fv2%2Fmedia&parent=67105"}],"wp:term":[{"taxonomy":"category","embeddable":true,"href":"https:\/\/24formosa.com.ar\/index.php?rest_route=%2Fwp%2Fv2%2Fcategories&post=67105"},{"taxonomy":"post_tag","embeddable":true,"href":"https:\/\/24formosa.com.ar\/index.php?rest_route=%2Fwp%2Fv2%2Ftags&post=67105"}],"curies":[{"name":"wp","href":"https:\/\/api.w.org\/{rel}","templated":true}]}}