{"id":67099,"date":"2025-06-03T22:18:49","date_gmt":"2025-06-04T01:18:49","guid":{"rendered":"https:\/\/24formosa.com.ar\/?p=67099"},"modified":"2025-06-03T22:18:49","modified_gmt":"2025-06-04T01:18:49","slug":"el-jefe-de-gabinete-antonio-ferreira-recibio-a-referentes-de-la-comunidad-aborigen-de-campo-del-cielo","status":"publish","type":"post","link":"https:\/\/24formosa.com.ar\/?p=67099","title":{"rendered":"El jefe de Gabinete Antonio Ferreira recibi\u00f3 a referentes de la comunidad aborigen de Campo del Cielo \u00a0"},"content":{"rendered":"\n<p><em>En la tarde de este martes 3, el jefe de Gabinete de Ministros, Antonio Ferreira mantuvo una reuni\u00f3n con Severo Navarrete, Marcelino Duarte y Juana Gonz\u00e1lez, integrantes de la Comisi\u00f3n Directiva de la Asociaci\u00f3n Campo del Cielo.<\/em><\/p>\n\n\n\n<p>Al respecto, Severo Navarrete, delegado de la comunidad aborigen de Campo del Cielo, agradeci\u00f3 \u201cal jefe de Gabinete de Ministros, Antonio Ferreira de poder recibirnos\u201d y se\u00f1al\u00f3 que \u201cahora llevamos un mensaje bueno a nuestra comunidad\u201d.<\/p>\n\n\n\n<p>Coment\u00f3 que \u201cpr\u00f3ximamente se va a inaugurar nuestra planta de agua potable\u201d y agradeci\u00f3 que \u201cgracias a estas hermosas obras se va a cumplir un sue\u00f1o tan anhelado de tantas familias\u201d.<\/p>\n\n\n\n<p>De esta manera, resalt\u00f3 que \u201cllevamos este mensaje esperanzador para que sepan que el Gobierno provincial siempre estuvo presente en nuestra comunidad\u201d.<\/p>\n\n\n\n<p>Adem\u00e1s, explic\u00f3 que \u201cCampo del Cielo se compone por 98 familias\u201d, a\u00f1adiendo que \u201crepresentamos a esas familias&nbsp; y trajimos sus inquietudes\u201d.<\/p>\n\n\n\n<figure class=\"wp-block-image\"><a href=\"https:\/\/agenfor.com.ar\/wp-content\/uploads\/2025\/06\/reunion-con-marca-6.jpeg\"><img decoding=\"async\" src=\"https:\/\/agenfor.com.ar\/wp-content\/uploads\/2025\/06\/reunion-con-marca-6-1024x682.jpeg\" alt=\"\" class=\"wp-image-231616\"\/><\/a><\/figure>\n\n\n\n<p><strong>\u201cEl Gobierno provincial nunca nos dej\u00f3 de asistir\u201d<\/strong><\/p>\n\n\n\n<p>Asimismo, respecto a la situaci\u00f3n pol\u00edtica de Las Lomitas, expres\u00f3 que \u201ccomo referente de la comunidad, desde el momento que nos enteramos que el intendente (Atilio Basualdo), sali\u00f3 del partido justicialista, nunca m\u00e1s tuve relaci\u00f3n con \u00e9l\u201d, recordando que Basualdo actualmente integra La Libertad Avanza.<\/p>\n\n\n\n<figure class=\"wp-block-image\"><a href=\"https:\/\/agenfor.com.ar\/wp-content\/uploads\/2025\/06\/reunion-con-marca-3.jpeg\"><img decoding=\"async\" src=\"https:\/\/agenfor.com.ar\/wp-content\/uploads\/2025\/06\/reunion-con-marca-3-1024x682.jpeg\" alt=\"\" class=\"wp-image-231620\"\/><\/a><figcaption class=\"wp-element-caption\">Severo Navarrete<\/figcaption><\/figure>\n\n\n\n<p>Y explic\u00f3 que esto fue as\u00ed \u201cporque desde un principio ten\u00edamos conocimiento de cu\u00e1l es la pol\u00edtica del Estado nacional con Javier Milei, quien aplic\u00f3 la motosierra a las comunidades abor\u00edgenes\u201d,<\/p>\n\n\n\n<p>Sin embargo, resalt\u00f3 que \u201cel Gobierno provincial nunca nos dej\u00f3 de asistir\u201d, y asegur\u00f3 que \u201cacompa\u00f1a a quienes menos tienen y por eso, eso nos da fuerza y esperanza de seguir apoyando a nuestro gobernador Gildo Insfr\u00e1n\u201d.<\/p>\n\n\n\n<p>Al concluir, subray\u00f3 que \u201cel intendente Basualdo lamentablemente a nosotros como comunidad nos dej\u00f3 abandonados\u201d, agregando que \u201cnos dejaron abandonados desde el municipio, nunca nos asisti\u00f3 a la mejora del alumbrado p\u00fablico, ni con las m\u00e1quinas desmalezadora y limpieza\u201d.<\/p>\n\n\n\n<p>\u201cMuchos se aprovecharon de la situaci\u00f3n que se vivi\u00f3 en nuestra comunidad, trayendo malos mensajes, comentarios y nos dijeron que nunca \u00edbamos a tener este encuentro con el Gobierno\u201d, sin embargo \u201cno fue as\u00ed, estuvimos ac\u00e1\u201d, asever\u00f3.<\/p>\n\n\n\n<p>Y afirm\u00f3 que \u201cel 29 de junio vamos a seguir manteniendo el triunfo, porque vamos a estar siempre defendiendo a nuestro Partido Justicialista y yo como delegado de la comunidad lo sigo apoyando a nuestro gobernador Insfr\u00e1n\u201d.<\/p>\n","protected":false},"excerpt":{"rendered":"<p>En la tarde de este martes 3, el jefe de Gabinete de Ministros, Antonio Ferreira<\/p>\n","protected":false},"author":8,"featured_media":67100,"comment_status":"closed","ping_status":"closed","sticky":false,"template":"","format":"standard","meta":{"footnotes":""},"categories":[1],"tags":[],"class_list":["post-67099","post","type-post","status-publish","format-standard","has-post-thumbnail","hentry","category-noticias"],"_links":{"self":[{"href":"https:\/\/24formosa.com.ar\/index.php?rest_route=\/wp\/v2\/posts\/67099","targetHints":{"allow":["GET"]}}],"collection":[{"href":"https:\/\/24formosa.com.ar\/index.php?rest_route=\/wp\/v2\/posts"}],"about":[{"href":"https:\/\/24formosa.com.ar\/index.php?rest_route=\/wp\/v2\/types\/post"}],"author":[{"embeddable":true,"href":"https:\/\/24formosa.com.ar\/index.php?rest_route=\/wp\/v2\/users\/8"}],"replies":[{"embeddable":true,"href":"https:\/\/24formosa.com.ar\/index.php?rest_route=%2Fwp%2Fv2%2Fcomments&post=67099"}],"version-history":[{"count":1,"href":"https:\/\/24formosa.com.ar\/index.php?rest_route=\/wp\/v2\/posts\/67099\/revisions"}],"predecessor-version":[{"id":67101,"href":"https:\/\/24formosa.com.ar\/index.php?rest_route=\/wp\/v2\/posts\/67099\/revisions\/67101"}],"wp:featuredmedia":[{"embeddable":true,"href":"https:\/\/24formosa.com.ar\/index.php?rest_route=\/wp\/v2\/media\/67100"}],"wp:attachment":[{"href":"https:\/\/24formosa.com.ar\/index.php?rest_route=%2Fwp%2Fv2%2Fmedia&parent=67099"}],"wp:term":[{"taxonomy":"category","embeddable":true,"href":"https:\/\/24formosa.com.ar\/index.php?rest_route=%2Fwp%2Fv2%2Fcategories&post=67099"},{"taxonomy":"post_tag","embeddable":true,"href":"https:\/\/24formosa.com.ar\/index.php?rest_route=%2Fwp%2Fv2%2Ftags&post=67099"}],"curies":[{"name":"wp","href":"https:\/\/api.w.org\/{rel}","templated":true}]}}