{"id":67089,"date":"2025-06-02T21:44:22","date_gmt":"2025-06-03T00:44:22","guid":{"rendered":"https:\/\/24formosa.com.ar\/?p=67089"},"modified":"2025-06-02T21:44:23","modified_gmt":"2025-06-03T00:44:23","slug":"charlas-de-concientizacion-por-el-dia-mundial-del-ambiente","status":"publish","type":"post","link":"https:\/\/24formosa.com.ar\/?p=67089","title":{"rendered":"Charlas de concientizaci\u00f3n por el D\u00eda Mundial del Ambiente"},"content":{"rendered":"\n<p><em>En el marco por el D\u00eda Mundial del Ambiente, que se conmemora este jueves 5 de junio, se est\u00e1n desarrollando actividades de concientizaci\u00f3n en distintas instituciones educativas de la provincia de Formosa. Las mismas tienen como objetivo promover el cuidado del entorno y fomentar pr\u00e1cticas sustentables entre los estudiantes.<\/em><\/p>\n\n\n\n<p>Estas acciones se llevan adelante de manera articulada entre el Ministerio de Turismo (MT), el Ministerio de Producci\u00f3n y Ambiente (MPyA), el Ministerio de Cultura y Educaci\u00f3n (MCyE) y la Unidad Especial de Polic\u00eda Ecol\u00f3gica (UEPE).<\/p>\n\n\n\n<p>La iniciativa comenz\u00f3 en la EPET N\u00b0 7 y la EPEP N\u00b0 124, ambas situadas en la ciudad capital, y continuar\u00e1 hasta el mi\u00e9rcoles en otras instituciones educativas, abarcando diferentes niveles y comunidades escolares.<\/p>\n\n\n\n<p>El cierre de la propuesta tendr\u00e1 lugar con una jornada especial en la Reserva de Biosfera de Laguna Oca y en la Universidad Provincial de Laguna Blanca (UPLaB), en donde se llevar\u00e1n a cabo actividades al aire libre, vinculadas a la educaci\u00f3n ambiental y el contacto con la naturaleza.<\/p>\n\n\n\n<figure class=\"wp-block-image\"><a href=\"https:\/\/agenfor.com.ar\/wp-content\/uploads\/2025\/06\/Charla-concientizacion-por-el-Dia-Mundial-del-Medio-Ambiente-4-scaled.jpg\"><img decoding=\"async\" src=\"https:\/\/agenfor.com.ar\/wp-content\/uploads\/2025\/06\/Charla-concientizacion-por-el-Dia-Mundial-del-Medio-Ambiente-4-768x1024.jpg\" alt=\"\" class=\"wp-image-231328\"\/><\/a><\/figure>\n","protected":false},"excerpt":{"rendered":"<p>En el marco por el D\u00eda Mundial del Ambiente, que se conmemora este jueves 5<\/p>\n","protected":false},"author":8,"featured_media":67090,"comment_status":"closed","ping_status":"closed","sticky":false,"template":"","format":"standard","meta":{"footnotes":""},"categories":[1],"tags":[],"class_list":["post-67089","post","type-post","status-publish","format-standard","has-post-thumbnail","hentry","category-noticias"],"_links":{"self":[{"href":"https:\/\/24formosa.com.ar\/index.php?rest_route=\/wp\/v2\/posts\/67089","targetHints":{"allow":["GET"]}}],"collection":[{"href":"https:\/\/24formosa.com.ar\/index.php?rest_route=\/wp\/v2\/posts"}],"about":[{"href":"https:\/\/24formosa.com.ar\/index.php?rest_route=\/wp\/v2\/types\/post"}],"author":[{"embeddable":true,"href":"https:\/\/24formosa.com.ar\/index.php?rest_route=\/wp\/v2\/users\/8"}],"replies":[{"embeddable":true,"href":"https:\/\/24formosa.com.ar\/index.php?rest_route=%2Fwp%2Fv2%2Fcomments&post=67089"}],"version-history":[{"count":1,"href":"https:\/\/24formosa.com.ar\/index.php?rest_route=\/wp\/v2\/posts\/67089\/revisions"}],"predecessor-version":[{"id":67091,"href":"https:\/\/24formosa.com.ar\/index.php?rest_route=\/wp\/v2\/posts\/67089\/revisions\/67091"}],"wp:featuredmedia":[{"embeddable":true,"href":"https:\/\/24formosa.com.ar\/index.php?rest_route=\/wp\/v2\/media\/67090"}],"wp:attachment":[{"href":"https:\/\/24formosa.com.ar\/index.php?rest_route=%2Fwp%2Fv2%2Fmedia&parent=67089"}],"wp:term":[{"taxonomy":"category","embeddable":true,"href":"https:\/\/24formosa.com.ar\/index.php?rest_route=%2Fwp%2Fv2%2Fcategories&post=67089"},{"taxonomy":"post_tag","embeddable":true,"href":"https:\/\/24formosa.com.ar\/index.php?rest_route=%2Fwp%2Fv2%2Ftags&post=67089"}],"curies":[{"name":"wp","href":"https:\/\/api.w.org\/{rel}","templated":true}]}}