{"id":67080,"date":"2025-06-02T21:32:45","date_gmt":"2025-06-03T00:32:45","guid":{"rendered":"https:\/\/24formosa.com.ar\/?p=67080"},"modified":"2025-06-02T21:32:45","modified_gmt":"2025-06-03T00:32:45","slug":"comenzo-a-funcionar-el-nuevo-centro-de-distribucion-del-plan-nutrir-del-barrio-san-jose-obrero","status":"publish","type":"post","link":"https:\/\/24formosa.com.ar\/?p=67080","title":{"rendered":"Comenz\u00f3 a funcionar el nuevo centro de distribuci\u00f3n del Plan Nutrir del barrio San Jos\u00e9 Obrero"},"content":{"rendered":"\n<p><em>Con el objetivo de seguir fortaleciendo la atenci\u00f3n a las familias beneficiarias, el centro de distribuci\u00f3n del Plan Provincial Alimentario Nutrir del barrio San Jos\u00e9 Obrero comenz\u00f3 a funcionar en su nueva sede, ubicada en Mitre 2020 y pasaje de la ciudad capital.<\/em><\/p>\n\n\n\n<p>Este espacio, m\u00e1s amplio, moderno y c\u00f3modo, fue pensado para brindar una mejor experiencia a quienes diariamente se acercan a retirar su bols\u00f3n saludable.<\/p>\n\n\n\n<figure class=\"wp-block-image\"><a href=\"https:\/\/agenfor.com.ar\/wp-content\/uploads\/2025\/06\/El-Gobernador-encabezo-la-inauguracion-del-nuevo-centro-de-Nutrir.jpg\"><img decoding=\"async\" src=\"https:\/\/agenfor.com.ar\/wp-content\/uploads\/2025\/06\/El-Gobernador-encabezo-la-inauguracion-del-nuevo-centro-de-Nutrir-1024x683.jpg\" alt=\"\" class=\"wp-image-231379\"\/><\/a><\/figure>\n\n\n\n<p>Cabe recordar que la semana pasada,&nbsp;<a href=\"https:\/\/agenfor.com.ar\/2025\/05\/el-gobernador-insfran-inauguro-obras-de-refaccion-y-ampliacion-del-espacio-eco-y-del-plan-provincial-alimentario-nutrir\/\">el gobernador de Formosa, Gildo Insfr\u00e1n, dej\u00f3 habilitadas estas nuevas instalaciones<\/a>, en el marco de la inauguraci\u00f3n de la refacci\u00f3n y la ampliaci\u00f3n del edificio del Espacio de Encuentro de la Comunidad Organizada (ECO).<\/p>\n\n\n\n<p>En la oportunidad, el primer mandatario puso en valor que el Plan Nutrir beneficia a 18.500 familias formose\u00f1as, con productos frescos y saludables provenientes de familias paipperas y productores locales.<\/p>\n\n\n\n<p>Y destac\u00f3 que \u201c<a href=\"https:\/\/agenfor.com.ar\/2025\/05\/el-gobernador-insfran-sobre-el-espacio-eco-y-el-plan-nutrir-son-parte-de-las-politicas-integrales-del-modelo-formoseno\/\">estos programas son parte de las pol\u00edticas integrales del Modelo Formose\u00f1o<\/a>, a fin de generar las condiciones para que todos los comprovincianos puedan desarrollarse en igualdad de posibilidades\u201d.<\/p>\n\n\n\n<p><strong>Horarios de atenci\u00f3n<\/strong><\/p>\n\n\n\n<p>Seg\u00fan se inform\u00f3 desde el Ministerio de la Comunidad, del cual depende el Plan Nutrir, los horarios de atenci\u00f3n ser\u00e1n: por la ma\u00f1ana, de 8 a 12 horas, y por la tarde, de 15 a 19.<\/p>\n\n\n\n<figure class=\"wp-block-image\"><a href=\"https:\/\/agenfor.com.ar\/wp-content\/uploads\/2025\/06\/Comenzo-a-funcionar-el-nuevo-centro-de-Nutrir4.jpg\"><img decoding=\"async\" src=\"https:\/\/agenfor.com.ar\/wp-content\/uploads\/2025\/06\/Comenzo-a-funcionar-el-nuevo-centro-de-Nutrir4-1024x768.jpg\" alt=\"\" class=\"wp-image-231380\"\/><\/a><\/figure>\n\n\n\n<p>Se indic\u00f3 que cada beneficiario debe asistir en el d\u00eda y turno asignado, seg\u00fan indica su tarjeta, tal como lo viene haciendo habitualmente.<\/p>\n","protected":false},"excerpt":{"rendered":"<p>Con el objetivo de seguir fortaleciendo la atenci\u00f3n a las familias beneficiarias, el centro de<\/p>\n","protected":false},"author":8,"featured_media":67081,"comment_status":"closed","ping_status":"closed","sticky":false,"template":"","format":"standard","meta":{"footnotes":""},"categories":[1],"tags":[],"class_list":["post-67080","post","type-post","status-publish","format-standard","has-post-thumbnail","hentry","category-noticias"],"_links":{"self":[{"href":"https:\/\/24formosa.com.ar\/index.php?rest_route=\/wp\/v2\/posts\/67080","targetHints":{"allow":["GET"]}}],"collection":[{"href":"https:\/\/24formosa.com.ar\/index.php?rest_route=\/wp\/v2\/posts"}],"about":[{"href":"https:\/\/24formosa.com.ar\/index.php?rest_route=\/wp\/v2\/types\/post"}],"author":[{"embeddable":true,"href":"https:\/\/24formosa.com.ar\/index.php?rest_route=\/wp\/v2\/users\/8"}],"replies":[{"embeddable":true,"href":"https:\/\/24formosa.com.ar\/index.php?rest_route=%2Fwp%2Fv2%2Fcomments&post=67080"}],"version-history":[{"count":1,"href":"https:\/\/24formosa.com.ar\/index.php?rest_route=\/wp\/v2\/posts\/67080\/revisions"}],"predecessor-version":[{"id":67082,"href":"https:\/\/24formosa.com.ar\/index.php?rest_route=\/wp\/v2\/posts\/67080\/revisions\/67082"}],"wp:featuredmedia":[{"embeddable":true,"href":"https:\/\/24formosa.com.ar\/index.php?rest_route=\/wp\/v2\/media\/67081"}],"wp:attachment":[{"href":"https:\/\/24formosa.com.ar\/index.php?rest_route=%2Fwp%2Fv2%2Fmedia&parent=67080"}],"wp:term":[{"taxonomy":"category","embeddable":true,"href":"https:\/\/24formosa.com.ar\/index.php?rest_route=%2Fwp%2Fv2%2Fcategories&post=67080"},{"taxonomy":"post_tag","embeddable":true,"href":"https:\/\/24formosa.com.ar\/index.php?rest_route=%2Fwp%2Fv2%2Ftags&post=67080"}],"curies":[{"name":"wp","href":"https:\/\/api.w.org\/{rel}","templated":true}]}}