{"id":67077,"date":"2025-06-02T21:30:26","date_gmt":"2025-06-03T00:30:26","guid":{"rendered":"https:\/\/24formosa.com.ar\/?p=67077"},"modified":"2025-06-02T21:30:26","modified_gmt":"2025-06-03T00:30:26","slug":"obras-de-hondo-contenido-social-destacan-inauguraciones-y-anuncios-del-gobernador","status":"publish","type":"post","link":"https:\/\/24formosa.com.ar\/?p=67077","title":{"rendered":"\u201cObras de hondo contenido social\u201d: Destacan inauguraciones y anuncios del Gobernador"},"content":{"rendered":"\n<p><em>En la ma\u00f1ana de este lunes 2, el gobernador Gildo Insfr\u00e1n encabez\u00f3 una marat\u00f3nica jornada de inauguraciones en el interior, donde habilit\u00f3 el Centro de Distribuci\u00f3n de Agua Potable y la refacci\u00f3n y ampliaci\u00f3n de la EPEP N\u00b0 73 y el JIN N\u00b0 43 en Bartolom\u00e9 de las Casas. Posteriormente, en Comandante Fontana, hizo lo propio con la refacci\u00f3n y ampliaci\u00f3n de la Casa de la Solidaridad y el nuevo Polideportivo Municipal.<\/em><\/p>\n\n\n\n<p>Adem\u00e1s, en esa localidad, firm\u00f3 el acta de inicio de obra de la segunda etapa de la optimizaci\u00f3n de la red de agua potable. La misma incluye la realizaci\u00f3n de 7475 metros de redes maestras, lo cual mejorar\u00e1 la distribuci\u00f3n, permitiendo que el agua llegue a todos los vecinos.<\/p>\n\n\n\n<p>Tambi\u00e9n, anunci\u00f3 la ampliaci\u00f3n de la planta de agua potable a 400 metros c\u00fabicos por hora, para asegurar el abastecimiento de la demanda creciente por varias d\u00e9cadas.<\/p>\n\n\n\n<figure class=\"wp-block-image\"><a href=\"https:\/\/agenfor.com.ar\/wp-content\/uploads\/2025\/06\/photo_5039655535422582313_y.jpg\"><img decoding=\"async\" src=\"https:\/\/agenfor.com.ar\/wp-content\/uploads\/2025\/06\/photo_5039655535422582313_y-1024x682.jpg\" alt=\"\" class=\"wp-image-231444\"\/><\/a><figcaption class=\"wp-element-caption\">Julio C\u00e9sar Vargas Yegros, administrador general del SPAP<\/figcaption><\/figure>\n\n\n\n<p>En ese marco, el ingeniero Julio C\u00e9sar Vargas Yegros, administrador general del Servicio Provincial de Agua Potable y Saneamiento (SPAP), destac\u00f3: \u201cEl Gobernador arranc\u00f3 la jornada habilitando el Centro de Distribuci\u00f3n de Agua Potable de Bartolom\u00e9 de las Casas, una obra de hondo contenido social porque significa darle agua potable a la localidad que en este momento a\u00fan no tiene una fuente que le pueda dar sustentabilidad al servicio en forma aut\u00f3noma\u201d.<\/p>\n\n\n\n<figure class=\"wp-block-image\"><a href=\"https:\/\/agenfor.com.ar\/wp-content\/uploads\/2025\/06\/photo_5039655535422582307_y.jpg\"><img decoding=\"async\" src=\"https:\/\/agenfor.com.ar\/wp-content\/uploads\/2025\/06\/photo_5039655535422582307_y-1024x682.jpg\" alt=\"\" class=\"wp-image-231442\"\/><\/a><\/figure>\n\n\n\n<p>Detall\u00f3 que \u201ctiene una cisterna de 100 mil litros de agua que recibe diariamente mediante transporte desde la planta de Fontana y posee un sistema electromec\u00e1nico que nos permite entregar en forma directa a todas las viviendas y a las instituciones p\u00fablicas de Bartolom\u00e9 de las Casas\u201d.<\/p>\n\n\n\n<p>En cuanto al anuncio que efectuara el gobernador Insfr\u00e1n, subray\u00f3 que por un lado \u201cse dar\u00e1 continuidad al compromiso de mejorar toda la red de distribuci\u00f3n de la localidad de Fontana\u201d.<\/p>\n\n\n\n<p>Y remarc\u00f3 que \u201cla primera etapa ya se termin\u00f3 y mejor\u00f3 sustancialmente toda la zona centro y norte. Y ahora vamos a potenciar la zona sur y la oeste\u201d.<\/p>\n\n\n\n<p>A su vez, \u201cla obra m\u00e1s importante que anunci\u00f3 el Gobernador es la ampliaci\u00f3n de la planta potabilizadora para duplicar su capacidad de producci\u00f3n en los pr\u00f3ximos a\u00f1os\u201d.<\/p>\n\n\n\n<p>\u201cSon medidas trascendentes para el servicio de Fontana y para el bienestar de todos los fontanenses\u201d, finaliz\u00f3.&nbsp;<\/p>\n","protected":false},"excerpt":{"rendered":"<p>En la ma\u00f1ana de este lunes 2, el gobernador Gildo Insfr\u00e1n encabez\u00f3 una marat\u00f3nica jornada<\/p>\n","protected":false},"author":8,"featured_media":67078,"comment_status":"closed","ping_status":"closed","sticky":false,"template":"","format":"standard","meta":{"footnotes":""},"categories":[1],"tags":[],"class_list":["post-67077","post","type-post","status-publish","format-standard","has-post-thumbnail","hentry","category-noticias"],"_links":{"self":[{"href":"https:\/\/24formosa.com.ar\/index.php?rest_route=\/wp\/v2\/posts\/67077","targetHints":{"allow":["GET"]}}],"collection":[{"href":"https:\/\/24formosa.com.ar\/index.php?rest_route=\/wp\/v2\/posts"}],"about":[{"href":"https:\/\/24formosa.com.ar\/index.php?rest_route=\/wp\/v2\/types\/post"}],"author":[{"embeddable":true,"href":"https:\/\/24formosa.com.ar\/index.php?rest_route=\/wp\/v2\/users\/8"}],"replies":[{"embeddable":true,"href":"https:\/\/24formosa.com.ar\/index.php?rest_route=%2Fwp%2Fv2%2Fcomments&post=67077"}],"version-history":[{"count":1,"href":"https:\/\/24formosa.com.ar\/index.php?rest_route=\/wp\/v2\/posts\/67077\/revisions"}],"predecessor-version":[{"id":67079,"href":"https:\/\/24formosa.com.ar\/index.php?rest_route=\/wp\/v2\/posts\/67077\/revisions\/67079"}],"wp:featuredmedia":[{"embeddable":true,"href":"https:\/\/24formosa.com.ar\/index.php?rest_route=\/wp\/v2\/media\/67078"}],"wp:attachment":[{"href":"https:\/\/24formosa.com.ar\/index.php?rest_route=%2Fwp%2Fv2%2Fmedia&parent=67077"}],"wp:term":[{"taxonomy":"category","embeddable":true,"href":"https:\/\/24formosa.com.ar\/index.php?rest_route=%2Fwp%2Fv2%2Fcategories&post=67077"},{"taxonomy":"post_tag","embeddable":true,"href":"https:\/\/24formosa.com.ar\/index.php?rest_route=%2Fwp%2Fv2%2Ftags&post=67077"}],"curies":[{"name":"wp","href":"https:\/\/api.w.org\/{rel}","templated":true}]}}