{"id":67074,"date":"2025-06-02T21:28:25","date_gmt":"2025-06-03T00:28:25","guid":{"rendered":"https:\/\/24formosa.com.ar\/?p=67074"},"modified":"2025-06-02T21:28:26","modified_gmt":"2025-06-03T00:28:26","slug":"el-gobernador-insfran-pidio-votar-boleta-azul-completa-en-las-elecciones-del-29-de-junio","status":"publish","type":"post","link":"https:\/\/24formosa.com.ar\/?p=67074","title":{"rendered":"El gobernador Insfr\u00e1n pidi\u00f3 votar \u201cboleta azul completa\u201d en las elecciones del 29 de junio"},"content":{"rendered":"\n<p><em>Al inaugurar las obras de remodelaci\u00f3n del polideportivo municipal de Comandante Fontana, el gobernador Gildo Insfr\u00e1n pidi\u00f3 votar la \u201cboleta azul\u201d completa del Frente de la Victoria, en las pr\u00f3ximas elecciones.<\/em><\/p>\n\n\n\n<p>Asimismo, anunci\u00f3 la duplicaci\u00f3n de la planta de agua potable de Fontana, que pasar\u00e1 de producir 200 a 400 metros c\u00fabicos\/hora, a lo que se suma la segunda etapa de la obra de distribuci\u00f3n para la localidad.<\/p>\n\n\n\n<p>En la parada final de una ma\u00f1ana cargada de inauguraciones, el primer mandatario provincial repas\u00f3 la importancia de las obras inauguradas, y valor\u00f3 en particular la labor que desempe\u00f1an directivos y docentes de la Escuela Provincial de Educaci\u00f3n Agraria N\u00b0 3 en colonia El Progreso, jurisdicci\u00f3n de Palo Santo.<\/p>\n\n\n\n<p>Subray\u00f3 que la inauguraci\u00f3n de la refacci\u00f3n y ampliaci\u00f3n de la Escuela Provincial de Educaci\u00f3n Primaria (EPEP) N\u00b0 73 \u201cFray Bartolom\u00e9 de las Casas\u201d, as\u00ed como del Jard\u00edn de Infantes JIN N\u00b0 43 \u201cBrotecitos de Esperanza\u201d en Bartolom\u00e9 de las Casas, marcaron en 1518 los edificios educativos inaugurados durante su gesti\u00f3n, m\u00e1s la Universidad Provincial de Laguna Blanca.<\/p>\n\n\n\n<p><strong>A los jubilados, amor<\/strong><\/p>\n\n\n\n<p>En cuanto a la inauguraci\u00f3n de las obras de refacci\u00f3n de la Casa de la Solidaridad en Fontana, refiri\u00f3 que ser\u00e1 un lugar de encuentro y alegr\u00eda para los jubilados, marcando una diferencia palpable con el tratamiento que reciben los adultos mayores por parte del Gobierno nacional.<\/p>\n\n\n\n<p>\u201cEn la Capital Federal los jubilados tienen que hacer todos los mi\u00e9rcoles una marcha y aguantarse la violencia con que son reprimidos por las fuerzas federales. Aqu\u00ed en vez de represi\u00f3n les ofrecemos amor, qu\u00e9 diferencia\u201d, marc\u00f3.<\/p>\n\n\n\n<figure class=\"wp-block-image\"><a href=\"https:\/\/agenfor.com.ar\/wp-content\/uploads\/2025\/06\/fa3d17f3-f038-4fc6-afba-46e1029117e4.jpeg\"><img decoding=\"async\" src=\"https:\/\/agenfor.com.ar\/wp-content\/uploads\/2025\/06\/fa3d17f3-f038-4fc6-afba-46e1029117e4-1024x682.jpeg\" alt=\"\" class=\"wp-image-231312\"\/><\/a><figcaption class=\"wp-element-caption\"><strong><em>Descubrimiento placa de Casa de la Solidaridad<\/em><\/strong><\/figcaption><\/figure>\n\n\n\n<p><strong>El problema del agua en Fontana<\/strong><\/p>\n\n\n\n<p>En otro pasaje de su discurso, Insfr\u00e1n record\u00f3 los problemas que atravesaba Fontana con la escasez de agua, que llegaba primero en tren y luego las sucesivas crisis por sequ\u00eda, que requirieron que el Gobierno estableciera una \u201cplanta de osmosis inversa\u201d.<\/p>\n\n\n\n<p>Explic\u00f3 m\u00e1s al se\u00f1alar que el agua que se obten\u00eda era m\u00e1s salada que la del mar, por lo que los filtros deb\u00edan ser importados desde Alemania.<\/p>\n\n\n\n<p>Subray\u00f3 que la localidad vivi\u00f3 una gran transformaci\u00f3n, a partir de la obra hidrovial de la Ruta 28, que permite que en la actualidad cuenten con agua cruda suficiente, para su potabilizaci\u00f3n. \u201cEsto tienen que valorar y fundamentalmente hablarles a los j\u00f3venes y contarles\u201d, pidi\u00f3.<\/p>\n\n\n\n<p><strong>Un soldado de Per\u00f3n<\/strong><\/p>\n\n\n\n<p>Tras fustigar acciones del Gobierno nacional que proponen destruir la Naci\u00f3n argentina, atacando a bastiones de la ciencia y tecnolog\u00eda, pretendiendo \u201ccambiarle la cabeza a la gente\u201d, respondi\u00f3 que los formose\u00f1os no cambiar\u00e1n, porque est\u00e1n arraigados a su tierra y se defini\u00f3 como un soldado de Juan Domingo Per\u00f3n, que se encuentra al servicio del pueblo formose\u00f1o.<\/p>\n\n\n\n<p>Con vistas a las elecciones del 29 de junio, pidi\u00f3 votar la \u201cboleta azul completa\u201d como regalo de la Provincializaci\u00f3n de Formosa que se celebra el d\u00eda 28. Y pidi\u00f3 recordar que en Formosa rige la Ley de Lemas, por lo que no existen \u201cboletas oficiales, sino que todas son boleta azul\u201d y pidi\u00f3 que el voto sea completo para el Frente de la Victoria.<\/p>\n","protected":false},"excerpt":{"rendered":"<p>Al inaugurar las obras de remodelaci\u00f3n del polideportivo municipal de Comandante Fontana, el gobernador Gildo<\/p>\n","protected":false},"author":8,"featured_media":67075,"comment_status":"closed","ping_status":"closed","sticky":false,"template":"","format":"standard","meta":{"footnotes":""},"categories":[1],"tags":[],"class_list":["post-67074","post","type-post","status-publish","format-standard","has-post-thumbnail","hentry","category-noticias"],"_links":{"self":[{"href":"https:\/\/24formosa.com.ar\/index.php?rest_route=\/wp\/v2\/posts\/67074","targetHints":{"allow":["GET"]}}],"collection":[{"href":"https:\/\/24formosa.com.ar\/index.php?rest_route=\/wp\/v2\/posts"}],"about":[{"href":"https:\/\/24formosa.com.ar\/index.php?rest_route=\/wp\/v2\/types\/post"}],"author":[{"embeddable":true,"href":"https:\/\/24formosa.com.ar\/index.php?rest_route=\/wp\/v2\/users\/8"}],"replies":[{"embeddable":true,"href":"https:\/\/24formosa.com.ar\/index.php?rest_route=%2Fwp%2Fv2%2Fcomments&post=67074"}],"version-history":[{"count":1,"href":"https:\/\/24formosa.com.ar\/index.php?rest_route=\/wp\/v2\/posts\/67074\/revisions"}],"predecessor-version":[{"id":67076,"href":"https:\/\/24formosa.com.ar\/index.php?rest_route=\/wp\/v2\/posts\/67074\/revisions\/67076"}],"wp:featuredmedia":[{"embeddable":true,"href":"https:\/\/24formosa.com.ar\/index.php?rest_route=\/wp\/v2\/media\/67075"}],"wp:attachment":[{"href":"https:\/\/24formosa.com.ar\/index.php?rest_route=%2Fwp%2Fv2%2Fmedia&parent=67074"}],"wp:term":[{"taxonomy":"category","embeddable":true,"href":"https:\/\/24formosa.com.ar\/index.php?rest_route=%2Fwp%2Fv2%2Fcategories&post=67074"},{"taxonomy":"post_tag","embeddable":true,"href":"https:\/\/24formosa.com.ar\/index.php?rest_route=%2Fwp%2Fv2%2Ftags&post=67074"}],"curies":[{"name":"wp","href":"https:\/\/api.w.org\/{rel}","templated":true}]}}