{"id":67070,"date":"2025-06-02T21:25:35","date_gmt":"2025-06-03T00:25:35","guid":{"rendered":"https:\/\/24formosa.com.ar\/?p=67070"},"modified":"2025-06-02T21:25:36","modified_gmt":"2025-06-03T00:25:36","slug":"el-gobernador-insfran-recorrio-el-parque-industrial-carbonifero-en-los-matacos","status":"publish","type":"post","link":"https:\/\/24formosa.com.ar\/?p=67070","title":{"rendered":"El gobernador Insfr\u00e1n recorri\u00f3 el Parque Industrial Carbon\u00edfero en Los Matacos"},"content":{"rendered":"\n<p><em>All\u00ed est\u00e1n en construcci\u00f3n m\u00e1s de 300 hornos para la fabricaci\u00f3n de carb\u00f3n, que se destinar\u00e1n a la primera planta industrial productora de arrabio verde en Formosa.<\/em><\/p>\n\n\n\n<p>Al respecto, el doctor Camilo Orrabalis, secretario de Ciencia y Tecnolog\u00eda Formosa, se refiri\u00f3 a la recorrida del gobernador Gildo Insfr\u00e1n por el lugar y resalt\u00f3: \u201cTuvimos el honor de acompa\u00f1arlo y visitar la obra del Parque Industrial Carbon\u00edfero (PIC), observando la construcci\u00f3n de los primeros hornos\u201d.<\/p>\n\n\n\n<p>Puntualiz\u00f3 que \u201cson un total de 320 hornos que se van a construir en ese predio y que va a abastecer entre un 40 a 50% de carb\u00f3n &nbsp;de esas 90 mil toneladas al a\u00f1o que se necesitan para que la industria biosider\u00fargica produzca el arrabio verde, un producto de exportaci\u00f3n\u201d.<\/p>\n\n\n\n<figure class=\"wp-block-image\"><a href=\"https:\/\/agenfor.com.ar\/wp-content\/uploads\/2025\/06\/conmarca-8.jpg\"><img decoding=\"async\" src=\"https:\/\/agenfor.com.ar\/wp-content\/uploads\/2025\/06\/conmarca-8.jpg\" alt=\"\" class=\"wp-image-231406\"\/><\/a><\/figure>\n\n\n\n<p>Asimismo, explic\u00f3 que \u201cson hornos que tienen una tecnolog\u00eda en su construcci\u00f3n y a la utilizaci\u00f3n en la quema de la le\u00f1a de vinal\u201d, y record\u00f3 que \u201cel vinal va a ser un insumo importante\u201d.<\/p>\n\n\n\n<p>Y expres\u00f3 que \u201cesto nos llena de orgullo y satisfacci\u00f3n\u201d, marcando que \u201ctodo este proceso est\u00e1 enmarcado en un proyecto de crecimiento de la provincia\u201d, al tiempo que resalt\u00f3 que \u201cel Polo Cient\u00edfico, Tecnol\u00f3gico y de Innovaci\u00f3n es un espacio donde late con fuerza el impulso del futuro\u201d.<\/p>\n\n\n\n<p>De esta manera, sostuvo que \u201choy tenemos una Formosa que realmente sienta sus bases s\u00f3lidas en el Modelo Formose\u00f1o\u201d y por eso, a\u00f1adi\u00f3 que \u201cla infraestructura, la formaci\u00f3n de recursos humanos y todo lo que hace que este eslab\u00f3n productivo, que es el Polo Cient\u00edfico, empiece a cobrar presente y tambi\u00e9n relevancia para el futuro de los formose\u00f1os y formose\u00f1as\u201d.<\/p>\n\n\n\n<p>\u201cTodo en la provincia est\u00e1 organizado y planificado\u201d, asegur\u00f3, manifestando que \u201ctenemos un gobernador y un equipo de Gobierno provincial que realmente lleva un modelo pol\u00edtico comprometido, un Estado presente y por sobre todas las cosas, eficaz\u201d, refiri\u00e9ndose a la gesti\u00f3n de Insfr\u00e1n.<\/p>\n\n\n\n<figure class=\"wp-block-image\"><a href=\"https:\/\/agenfor.com.ar\/wp-content\/uploads\/2025\/06\/photo_5039697402763784288_x.jpg\"><img decoding=\"async\" src=\"https:\/\/agenfor.com.ar\/wp-content\/uploads\/2025\/06\/photo_5039697402763784288_x.jpg\" alt=\"\" class=\"wp-image-231415\"\/><\/a><\/figure>\n\n\n\n<p><strong>Industria de vanguardia<\/strong><\/p>\n\n\n\n<p>En este sentido, puso de relieve \u201cla incorporaci\u00f3n de una industria de vanguardia, como Fermosa Biosider\u00fargica\u201d, que \u201ctrae acompa\u00f1ado la producci\u00f3n de carb\u00f3n que es un activo econ\u00f3mico para muchos pobladores\u201d.<\/p>\n\n\n\n<p>\u201cEsto es un hito para Formosa\u201d, asever\u00f3 Orrabalis, y afirm\u00f3 que \u201cse trata de una de las mayores inversiones privadas que se da en la provincia, siendo unos 65 millones de d\u00f3lares que esta empresa pone para la construcci\u00f3n de este desarrollo\u201d, comentando en que \u201cnos da a los formose\u00f1os una gran oportunidad para poder transformar tambi\u00e9n la plaga que es el vinal, en un recurso industrial\u201d.<\/p>\n\n\n\n<p>Y al concluir, puso de relieve el acompa\u00f1amiento y la presencia del Insfr\u00e1n en el lugar, destacando que \u201cel Gobernador es una persona visionaria al tener un Modelo Formose\u00f1o que planifica y que ha desarrollado infraestructura\u201d, adem\u00e1s de que \u201c\u00e9l (Insfr\u00e1n) reconoci\u00f3, con mucha alegr\u00eda que el trabajo mancomunado del pueblo formose\u00f1o est\u00e1 dando sus frutos y que eso es un ejemplo de justicia social, desarrollo territorial y que muchos formose\u00f1os y formose\u00f1as que viven en esa regi\u00f3n, se van a ver beneficiados de esta obra tan importante\u201d.<\/p>\n\n\n\n<figure class=\"wp-block-image\"><a href=\"https:\/\/agenfor.com.ar\/wp-content\/uploads\/2025\/06\/photo_5039697402763784264_y.jpg\"><img decoding=\"async\" src=\"https:\/\/agenfor.com.ar\/wp-content\/uploads\/2025\/06\/photo_5039697402763784264_y-1024x682.jpg\" alt=\"\" class=\"wp-image-231425\"\/><\/a><\/figure>\n","protected":false},"excerpt":{"rendered":"<p>All\u00ed est\u00e1n en construcci\u00f3n m\u00e1s de 300 hornos para la fabricaci\u00f3n de carb\u00f3n, que se<\/p>\n","protected":false},"author":8,"featured_media":67072,"comment_status":"closed","ping_status":"closed","sticky":false,"template":"","format":"standard","meta":{"footnotes":""},"categories":[1],"tags":[],"class_list":["post-67070","post","type-post","status-publish","format-standard","has-post-thumbnail","hentry","category-noticias"],"_links":{"self":[{"href":"https:\/\/24formosa.com.ar\/index.php?rest_route=\/wp\/v2\/posts\/67070","targetHints":{"allow":["GET"]}}],"collection":[{"href":"https:\/\/24formosa.com.ar\/index.php?rest_route=\/wp\/v2\/posts"}],"about":[{"href":"https:\/\/24formosa.com.ar\/index.php?rest_route=\/wp\/v2\/types\/post"}],"author":[{"embeddable":true,"href":"https:\/\/24formosa.com.ar\/index.php?rest_route=\/wp\/v2\/users\/8"}],"replies":[{"embeddable":true,"href":"https:\/\/24formosa.com.ar\/index.php?rest_route=%2Fwp%2Fv2%2Fcomments&post=67070"}],"version-history":[{"count":1,"href":"https:\/\/24formosa.com.ar\/index.php?rest_route=\/wp\/v2\/posts\/67070\/revisions"}],"predecessor-version":[{"id":67073,"href":"https:\/\/24formosa.com.ar\/index.php?rest_route=\/wp\/v2\/posts\/67070\/revisions\/67073"}],"wp:featuredmedia":[{"embeddable":true,"href":"https:\/\/24formosa.com.ar\/index.php?rest_route=\/wp\/v2\/media\/67072"}],"wp:attachment":[{"href":"https:\/\/24formosa.com.ar\/index.php?rest_route=%2Fwp%2Fv2%2Fmedia&parent=67070"}],"wp:term":[{"taxonomy":"category","embeddable":true,"href":"https:\/\/24formosa.com.ar\/index.php?rest_route=%2Fwp%2Fv2%2Fcategories&post=67070"},{"taxonomy":"post_tag","embeddable":true,"href":"https:\/\/24formosa.com.ar\/index.php?rest_route=%2Fwp%2Fv2%2Ftags&post=67070"}],"curies":[{"name":"wp","href":"https:\/\/api.w.org\/{rel}","templated":true}]}}