{"id":67063,"date":"2025-06-01T20:25:31","date_gmt":"2025-06-01T23:25:31","guid":{"rendered":"https:\/\/24formosa.com.ar\/?p=67063"},"modified":"2025-06-01T20:25:32","modified_gmt":"2025-06-01T23:25:32","slug":"la-camara-regional-economica-de-las-lomitas-trabaja-en-sumar-nuevos-socios","status":"publish","type":"post","link":"https:\/\/24formosa.com.ar\/?p=67063","title":{"rendered":"La C\u00e1mara Regional Econ\u00f3mica de Las Lomitas trabaja en sumar nuevos socios"},"content":{"rendered":"\n<p><em>Destacaron el acompa\u00f1amiento que reciben desde el Gobierno provincial.<\/em><\/p>\n\n\n\n<p>La C\u00e1mara Regional Econ\u00f3mica de Las Lomitas retom\u00f3 su actividad en forma reciente, y se encuentra en plena expansi\u00f3n de socios, sumando propuestas que interesen al sector comercial y empresario, teniendo en cuenta la ubicaci\u00f3n estrat\u00e9gica que tiene la localidad.<\/p>\n\n\n\n<p>As\u00ed lo confirm\u00f3 la presidenta de la entidad, Marta Palavecino, quien se encuentra trabajando tambi\u00e9n con la Federaci\u00f3n Econ\u00f3mica de Formosa, para sumar beneficios y fortalecer al empresariado de esta localidad del oeste formose\u00f1o.<\/p>\n\n\n\n<p>En di\u00e1logo con la&nbsp;<strong><em>Agencia de Noticias Formosa<\/em><\/strong>&nbsp;<strong><em>(AGENFOR)<\/em><\/strong>&nbsp;valor\u00f3 la presencia del Estado provincial, en este caso a trav\u00e9s de la Subsecretar\u00eda de Empleo, para la realizaci\u00f3n de cursos y capacitaciones destinadas tanto a empresarios, como a emprendedores de distintos rubros.<\/p>\n\n\n\n<p>Se refiri\u00f3 tambi\u00e9n a la conformaci\u00f3n del Consejo Binacional de Gobierno de la Confederaci\u00f3n Econ\u00f3mica Binacional Formosa-\u00d1eembuc\u00fa, a trav\u00e9s de la Federaci\u00f3n Econ\u00f3mica de Formosa, subrayando que permitir\u00e1 afianzar los lazos comerciales con el vecino pa\u00eds, aprovechando, en un futuro la habilitaci\u00f3n del Puerto de Formosa, ubicado en la Capital.<\/p>\n\n\n\n<figure class=\"wp-block-image\"><a href=\"https:\/\/agenfor.com.ar\/wp-content\/uploads\/2025\/05\/Camara-Regional-Economica-de-Las-Lomitas.jpg\"><img decoding=\"async\" src=\"https:\/\/agenfor.com.ar\/wp-content\/uploads\/2025\/05\/Camara-Regional-Economica-de-Las-Lomitas-1024x577.jpg\" alt=\"\" class=\"wp-image-230904\"\/><\/a><figcaption class=\"wp-element-caption\"><strong><em>Relanzamiento de la C\u00e1mara, con la presencia del contador Enrique Zan\u00edn y el subsecretario de Empleo Rodrigo Sandoval<\/em><\/strong><\/figcaption><\/figure>\n\n\n\n<p>\u201cUno de los puntos fundamentales es que tendremos la habilitaci\u00f3n del puerto de Formosa Capital hacia Neembuc\u00fa y Pilar, relacion\u00e1ndonos con ellos, facilit\u00e1ndonos que como vecinos que seamos, tengamos una relaci\u00f3n comercial m\u00e1s fluida\u201d, enfatiz\u00f3.<\/p>\n\n\n\n<p>En otro orden, destac\u00f3 que el Ba\u00f1ado La Estrella, elegido como una de las Maravillas Naturales de la Argentina, contin\u00faa siendo un atractivo para turistas tanto de provincias vecinas, como as\u00ed tambi\u00e9n de otros pa\u00edses, por lo que trabajar\u00e1n en potenciar a los emprendedores tur\u00edsticos, para conformar sus propias empresas.<\/p>\n\n\n\n<p>Palavecino invit\u00f3 a aquellos empresarios que a\u00fan no forman parte de la C\u00e1mara a que lo hagan, en su sede de Libertad 281, de Las Lomitas.<\/p>\n","protected":false},"excerpt":{"rendered":"<p>Destacaron el acompa\u00f1amiento que reciben desde el Gobierno provincial. La C\u00e1mara Regional Econ\u00f3mica de Las<\/p>\n","protected":false},"author":8,"featured_media":67064,"comment_status":"closed","ping_status":"closed","sticky":false,"template":"","format":"standard","meta":{"footnotes":""},"categories":[1],"tags":[],"class_list":["post-67063","post","type-post","status-publish","format-standard","has-post-thumbnail","hentry","category-noticias"],"_links":{"self":[{"href":"https:\/\/24formosa.com.ar\/index.php?rest_route=\/wp\/v2\/posts\/67063","targetHints":{"allow":["GET"]}}],"collection":[{"href":"https:\/\/24formosa.com.ar\/index.php?rest_route=\/wp\/v2\/posts"}],"about":[{"href":"https:\/\/24formosa.com.ar\/index.php?rest_route=\/wp\/v2\/types\/post"}],"author":[{"embeddable":true,"href":"https:\/\/24formosa.com.ar\/index.php?rest_route=\/wp\/v2\/users\/8"}],"replies":[{"embeddable":true,"href":"https:\/\/24formosa.com.ar\/index.php?rest_route=%2Fwp%2Fv2%2Fcomments&post=67063"}],"version-history":[{"count":1,"href":"https:\/\/24formosa.com.ar\/index.php?rest_route=\/wp\/v2\/posts\/67063\/revisions"}],"predecessor-version":[{"id":67065,"href":"https:\/\/24formosa.com.ar\/index.php?rest_route=\/wp\/v2\/posts\/67063\/revisions\/67065"}],"wp:featuredmedia":[{"embeddable":true,"href":"https:\/\/24formosa.com.ar\/index.php?rest_route=\/wp\/v2\/media\/67064"}],"wp:attachment":[{"href":"https:\/\/24formosa.com.ar\/index.php?rest_route=%2Fwp%2Fv2%2Fmedia&parent=67063"}],"wp:term":[{"taxonomy":"category","embeddable":true,"href":"https:\/\/24formosa.com.ar\/index.php?rest_route=%2Fwp%2Fv2%2Fcategories&post=67063"},{"taxonomy":"post_tag","embeddable":true,"href":"https:\/\/24formosa.com.ar\/index.php?rest_route=%2Fwp%2Fv2%2Ftags&post=67063"}],"curies":[{"name":"wp","href":"https:\/\/api.w.org\/{rel}","templated":true}]}}