{"id":67057,"date":"2025-06-01T20:21:48","date_gmt":"2025-06-01T23:21:48","guid":{"rendered":"https:\/\/24formosa.com.ar\/?p=67057"},"modified":"2025-06-01T20:21:49","modified_gmt":"2025-06-01T23:21:49","slug":"referentes-de-mas-de-40-colegios-participaron-de-la-primera-mateada-estudiantil-del-ano","status":"publish","type":"post","link":"https:\/\/24formosa.com.ar\/?p=67057","title":{"rendered":"Referentes de m\u00e1s de 40 colegios participaron de la primera mateada estudiantil del a\u00f1o"},"content":{"rendered":"\n<p>Fernando Galarza, coordinador de la Federaci\u00f3n de Centros de Estudiantes Secundarios (FeCES) y director de Asuntos Juveniles de la provincia de Formosa, inform\u00f3 que desde esas organizaciones y la Coordinaci\u00f3n de Estudiantes Secundarios (COES) realizaron en la Escuela Normal Superior \u201cRep\u00fablica del Paraguay\u201d la primera mateada estudiantil de este 2025.<\/p>\n\n\n\n<p>En la tarde de este este s\u00e1bado 31 de mayo tuvo lugar la convocatoria, que si bien ya estaba programada hace tiempo, \u00e9sta se fue postergando por las inclemencias del tiempo, indic\u00f3 en la entrevista con la&nbsp;<em><strong>Agencia de Noticias Formosa (AGENFOR)<\/strong><\/em>.<\/p>\n\n\n\n<p>\u201cEstuvieron presentes referentes estudiantiles de m\u00e1s de 40 colegios de la ciudad de Formosa. All\u00ed debatieron temas que est\u00e1n en boga en este momento, donde desde el Gobierno nacional del presidente Javier Milei se est\u00e1n avasallando derechos y eliminando programas como por ejemplo el Parlamento Juvenil del Mercosur\u201d, declar\u00f3.<\/p>\n\n\n\n<figure class=\"wp-block-image\"><a href=\"https:\/\/agenfor.com.ar\/wp-content\/uploads\/2025\/06\/WhatsApp-Image-2025-06-01-at-12.13.45-PM.jpeg\"><img decoding=\"async\" src=\"https:\/\/agenfor.com.ar\/wp-content\/uploads\/2025\/06\/WhatsApp-Image-2025-06-01-at-12.13.45-PM-1024x682.jpeg\" alt=\"\" class=\"wp-image-231219\"\/><\/a><\/figure>\n\n\n\n<p>En Formosa, en cambio, diferenci\u00f3 que \u201cla realidad es totalmente distinta porque tenemos un gobernador, Gildo Insfr\u00e1n, que tiene un pensamiento y una ideolog\u00eda que tiene al hombre y a la mujer como centro de toda decisi\u00f3n pol\u00edtica, al igual que a los j\u00f3venes\u201d, bajo el Modelo Formose\u00f1o.<\/p>\n\n\n\n<p>Y destac\u00f3 que esta apertura del Gobierno provincial hacia las juventudes permite \u201cgenerar estos espacios de decisi\u00f3n y escucha como parte del acompa\u00f1amiento hacia ellos\u201d.<\/p>\n\n\n\n<p>En el mismo sentido se expres\u00f3 Paula Palacio Helbling, coordinadora juvenil de la FeCES, quien resalt\u00f3 que, \u201ccomo asamblea\u201d, en la mateada estudiantil \u201clos estudiantes tienen la oportunidad de conocerse, compartir\u201d y tomar decisiones referentes a log\u00edstica y a las actividades a organizar durante el a\u00f1o.<\/p>\n\n\n\n<figure class=\"wp-block-image\"><a href=\"https:\/\/agenfor.com.ar\/wp-content\/uploads\/2025\/06\/photo_5033100887047908973_y.jpg\"><img decoding=\"async\" src=\"https:\/\/agenfor.com.ar\/wp-content\/uploads\/2025\/06\/photo_5033100887047908973_y-1024x682.jpg\" alt=\"\" class=\"wp-image-231206\"\/><\/a><figcaption class=\"wp-element-caption\">Palacio Helbling<\/figcaption><\/figure>\n\n\n\n<p>Desde todas las jurisdicciones de la ciudad de Formosa, tanto de instituciones p\u00fablicas como tambi\u00e9n privadas se dieron cita, por lo que se generaron muchos v\u00ednculos entre ellos, indic\u00f3 tambi\u00e9n a esta Agencia.<\/p>\n\n\n\n<p>Por su parte, los j\u00f3venes Nad\u00edn Barrios Saldarini y Francisco Parra, candidatos a diputados provinciales por el Frente de la Victoria (FdV) para las elecciones provinciales del 29 de junio, estuvieron presentes y destacaron la realizaci\u00f3n de este tipo de encuentros.<\/p>\n\n\n\n<p>Remarcaron el privilegio que \u201ctenemos como j\u00f3venes en esta provincia de que se nos d\u00e9 esta participaci\u00f3n, lo cual es muy fruct\u00edfero, ya que ellos est\u00e1n preparados para debatir con la intenci\u00f3n de motivarlos a tener un pensamiento cr\u00edtico, sobre todo, en un momento como el actual donde estamos en una etapa de transformaci\u00f3n de los accesos a la informaci\u00f3n\u201d.<\/p>\n\n\n\n<p>Entonces, \u201ces clave\u201d el impulso de estas actividades enmarcadas en una gesti\u00f3n provincial que \u201cbusca la justicia social y la igualdad de oportunidades de la provincia\u201d, agradeciendo finalmente por la invitaci\u00f3n.<\/p>\n\n\n\n<figure class=\"wp-block-image\"><a href=\"https:\/\/agenfor.com.ar\/wp-content\/uploads\/2025\/06\/photo_5033100887047908975_y.jpg\"><img decoding=\"async\" src=\"https:\/\/agenfor.com.ar\/wp-content\/uploads\/2025\/06\/photo_5033100887047908975_y-1024x682.jpg\" alt=\"\" class=\"wp-image-231203\"\/><\/a><figcaption class=\"wp-element-caption\">Parra<\/figcaption><\/figure>\n","protected":false},"excerpt":{"rendered":"<p>Fernando Galarza, coordinador de la Federaci\u00f3n de Centros de Estudiantes Secundarios (FeCES) y director de<\/p>\n","protected":false},"author":8,"featured_media":67058,"comment_status":"closed","ping_status":"closed","sticky":false,"template":"","format":"standard","meta":{"footnotes":""},"categories":[1],"tags":[],"class_list":["post-67057","post","type-post","status-publish","format-standard","has-post-thumbnail","hentry","category-noticias"],"_links":{"self":[{"href":"https:\/\/24formosa.com.ar\/index.php?rest_route=\/wp\/v2\/posts\/67057","targetHints":{"allow":["GET"]}}],"collection":[{"href":"https:\/\/24formosa.com.ar\/index.php?rest_route=\/wp\/v2\/posts"}],"about":[{"href":"https:\/\/24formosa.com.ar\/index.php?rest_route=\/wp\/v2\/types\/post"}],"author":[{"embeddable":true,"href":"https:\/\/24formosa.com.ar\/index.php?rest_route=\/wp\/v2\/users\/8"}],"replies":[{"embeddable":true,"href":"https:\/\/24formosa.com.ar\/index.php?rest_route=%2Fwp%2Fv2%2Fcomments&post=67057"}],"version-history":[{"count":1,"href":"https:\/\/24formosa.com.ar\/index.php?rest_route=\/wp\/v2\/posts\/67057\/revisions"}],"predecessor-version":[{"id":67059,"href":"https:\/\/24formosa.com.ar\/index.php?rest_route=\/wp\/v2\/posts\/67057\/revisions\/67059"}],"wp:featuredmedia":[{"embeddable":true,"href":"https:\/\/24formosa.com.ar\/index.php?rest_route=\/wp\/v2\/media\/67058"}],"wp:attachment":[{"href":"https:\/\/24formosa.com.ar\/index.php?rest_route=%2Fwp%2Fv2%2Fmedia&parent=67057"}],"wp:term":[{"taxonomy":"category","embeddable":true,"href":"https:\/\/24formosa.com.ar\/index.php?rest_route=%2Fwp%2Fv2%2Fcategories&post=67057"},{"taxonomy":"post_tag","embeddable":true,"href":"https:\/\/24formosa.com.ar\/index.php?rest_route=%2Fwp%2Fv2%2Ftags&post=67057"}],"curies":[{"name":"wp","href":"https:\/\/api.w.org\/{rel}","templated":true}]}}