{"id":67051,"date":"2025-06-01T20:18:12","date_gmt":"2025-06-01T23:18:12","guid":{"rendered":"https:\/\/24formosa.com.ar\/?p=67051"},"modified":"2025-06-01T20:18:12","modified_gmt":"2025-06-01T23:18:12","slug":"la-maraton-pasos-de-unidad-se-corrio-en-la-jurisdiccion-cinco-y-supero-todas-las-expectativas","status":"publish","type":"post","link":"https:\/\/24formosa.com.ar\/?p=67051","title":{"rendered":"La marat\u00f3n \u201cPasos de Unidad\u201d se corri\u00f3 en la Jurisdicci\u00f3n Cinco y super\u00f3 todas las expectativas\u00a0"},"content":{"rendered":"\n<p>La Fundaci\u00f3n para la Asistencia Solidaria (FAS) organiz\u00f3 este domingo 1\u00b0 de junio la marat\u00f3n \u201cPasos de Unidad\u201d en la Jurisdicci\u00f3n Cinco de la ciudad capital. El evento cont\u00f3 con el acompa\u00f1amiento del Gobierno de Formosa y fue todo un \u00e9xito, congregando, a pesar del fr\u00edo de la jornada, al conjunto de las familias formose\u00f1as.<\/p>\n\n\n\n<p>Como impulsora de la iniciativa, la presidenta de la Fundaci\u00f3n, Blanca Denis, se mostr\u00f3 muy contenta con la respuesta de la comunidad a esta primera marat\u00f3n, \u201cque tomamos la decisi\u00f3n de hacerla en la Jurisdicci\u00f3n Cinco y as\u00ed descentralizar, ya que siempre se hace en la Costanera, llevando el deporte a los barrios\u201d.<\/p>\n\n\n\n<p>\u201c\u00c9sta no es una marat\u00f3n m\u00e1s, el nombre lo dice todo, es la marat\u00f3n \u2018Pasos de Unidad, orgullosos de nuestro andar\u2019, en el marco de la celebraci\u00f3n de los 70 a\u00f1os de la Provincializaci\u00f3n de Formosa que se conmemora cada 28 de junio\u201d, hizo notar en di\u00e1logo con&nbsp;<em><strong>AGENFOR<\/strong><\/em>.<\/p>\n\n\n\n<p>\u201cEn segundo lugar, porque el 29 de junio los formose\u00f1os viviremos una fecha hist\u00f3rica donde vamos a estar votando por los convencionales constituyentes para la reforma de la Constituci\u00f3n Provincial, adem\u00e1s de los diputados provinciales y concejales\u201d, enfatiz\u00f3 la legisladora.<\/p>\n\n\n\n<p>A su vez, como integrante de la lista de candidatos del Frente de la Victoria (FdV) en la n\u00f3mina de diputados provinciales suplentes, categ\u00f3rica afirm\u00f3: \u201cEstamos orgullosos de nuestro andar en el camino de seguir defendiendo al Modelo Formose\u00f1o que conduce el gobernador Gildo Insfr\u00e1n\u201d.<\/p>\n\n\n\n<p>Tambi\u00e9n, Edgar P\u00e9rez, administrador general del Instituto de Asistencia Social (IAS), valor\u00f3 la participaci\u00f3n de la comunidad, as\u00ed como de los atletas que se dieron cita en esta competencia, \u201csuperando los 500 inscriptos en esta primera fecha de la marat\u00f3n que recorrer\u00e1 todas las jurisdicciones de la ciudad de Formosa\u201d.<\/p>\n\n\n\n<p>\u201cAs\u00ed que muy contentos y quiero felicitar a la organizaci\u00f3n de la Fundaci\u00f3n y a todos los compa\u00f1eros que trabajaron, as\u00ed como a las \u00e1reas de Gobierno que apoyaron tambi\u00e9n\u201d, puso en relieve.<\/p>\n\n\n\n<figure class=\"wp-block-image\"><a href=\"https:\/\/agenfor.com.ar\/wp-content\/uploads\/2025\/06\/photo_5035151935795214603_y.jpg\"><img decoding=\"async\" src=\"https:\/\/agenfor.com.ar\/wp-content\/uploads\/2025\/06\/photo_5035151935795214603_y-1024x682.jpg\" alt=\"\" class=\"wp-image-231230\"\/><\/a><\/figure>\n\n\n\n<p>A su turno, Horacio Gorostegui, director del Instituto Polit\u00e9cnico Formosa, dijo: \u201cSabemos que toda formaci\u00f3n cient\u00edfica debe ir acompa\u00f1ada de una formaci\u00f3n integral, lo que significa tambi\u00e9n cultivar el cuerpo y, en ese sentido, celebramos mucho esta marat\u00f3n porque es una manera tambi\u00e9n de impulsar a los j\u00f3venes\u201d.<\/p>\n\n\n\n<p>Marc\u00f3, asimismo, que \u201cesto va de la mano de lo sucedido en el Estadio Cincuentenario\u201d, donde este s\u00e1bado 31 de mayo, con la presencia del gobernador Insfr\u00e1n, se presentaron los Juegos Evita Formose\u00f1os, en lo que ya es su segunda edici\u00f3n desde que fueran creados por decisi\u00f3n del mandatario provincial en 2024.<\/p>\n\n\n\n<p>A su turno, Gustavo L\u00f3pez Pe\u00f1a, administrador general de la Administraci\u00f3n Tributaria Provincial (ATP), expres\u00f3 a esta Agencia que estaba muy contento por el \u00e9xito del evento, el cual les permiti\u00f3 tambi\u00e9n a los candidatos del FdV \u201cestar este domingo con todos los vecinos y los ni\u00f1os\u201d, para de esta manera \u201cincentivarlos a la pr\u00e1ctica del deporte\u201d.<\/p>\n\n\n\n<p>En ese sentido, apreci\u00f3 que \u201cincluso adultos mayores participaron\u201d, siendo ese el objetivo que persigue \u201cel Modelo Formose\u00f1o que impulsa el deporte\u201d como parte de sus pol\u00edticas que buscan que el pueblo \u201cest\u00e9 cada vez mejor en su calidad de vida\u201d. Es decir que \u201cm\u00e1s all\u00e1 de la competencia, nosotros buscamos a trav\u00e9s de esto compartir con las familias y qu\u00e9 mejor que haciendo deportes\u201d, cerr\u00f3.<\/p>\n\n\n\n<figure class=\"wp-block-image\"><a href=\"https:\/\/agenfor.com.ar\/wp-content\/uploads\/2025\/06\/photo_5035151935795214600_y.jpg\"><img decoding=\"async\" src=\"https:\/\/agenfor.com.ar\/wp-content\/uploads\/2025\/06\/photo_5035151935795214600_y-1024x681.jpg\" alt=\"\" class=\"wp-image-231228\"\/><\/a><\/figure>\n","protected":false},"excerpt":{"rendered":"<p>La Fundaci\u00f3n para la Asistencia Solidaria (FAS) organiz\u00f3 este domingo 1\u00b0 de junio la marat\u00f3n<\/p>\n","protected":false},"author":8,"featured_media":67052,"comment_status":"closed","ping_status":"closed","sticky":false,"template":"","format":"standard","meta":{"footnotes":""},"categories":[1],"tags":[],"class_list":["post-67051","post","type-post","status-publish","format-standard","has-post-thumbnail","hentry","category-noticias"],"_links":{"self":[{"href":"https:\/\/24formosa.com.ar\/index.php?rest_route=\/wp\/v2\/posts\/67051","targetHints":{"allow":["GET"]}}],"collection":[{"href":"https:\/\/24formosa.com.ar\/index.php?rest_route=\/wp\/v2\/posts"}],"about":[{"href":"https:\/\/24formosa.com.ar\/index.php?rest_route=\/wp\/v2\/types\/post"}],"author":[{"embeddable":true,"href":"https:\/\/24formosa.com.ar\/index.php?rest_route=\/wp\/v2\/users\/8"}],"replies":[{"embeddable":true,"href":"https:\/\/24formosa.com.ar\/index.php?rest_route=%2Fwp%2Fv2%2Fcomments&post=67051"}],"version-history":[{"count":1,"href":"https:\/\/24formosa.com.ar\/index.php?rest_route=\/wp\/v2\/posts\/67051\/revisions"}],"predecessor-version":[{"id":67053,"href":"https:\/\/24formosa.com.ar\/index.php?rest_route=\/wp\/v2\/posts\/67051\/revisions\/67053"}],"wp:featuredmedia":[{"embeddable":true,"href":"https:\/\/24formosa.com.ar\/index.php?rest_route=\/wp\/v2\/media\/67052"}],"wp:attachment":[{"href":"https:\/\/24formosa.com.ar\/index.php?rest_route=%2Fwp%2Fv2%2Fmedia&parent=67051"}],"wp:term":[{"taxonomy":"category","embeddable":true,"href":"https:\/\/24formosa.com.ar\/index.php?rest_route=%2Fwp%2Fv2%2Fcategories&post=67051"},{"taxonomy":"post_tag","embeddable":true,"href":"https:\/\/24formosa.com.ar\/index.php?rest_route=%2Fwp%2Fv2%2Ftags&post=67051"}],"curies":[{"name":"wp","href":"https:\/\/api.w.org\/{rel}","templated":true}]}}