{"id":67048,"date":"2025-06-01T20:16:19","date_gmt":"2025-06-01T23:16:19","guid":{"rendered":"https:\/\/24formosa.com.ar\/?p=67048"},"modified":"2025-06-01T20:16:19","modified_gmt":"2025-06-01T23:16:19","slug":"el-gobernador-insfran-encabezara-importante-jornada-de-inauguraciones-en-el-interior","status":"publish","type":"post","link":"https:\/\/24formosa.com.ar\/?p=67048","title":{"rendered":"El gobernador Insfr\u00e1n encabezar\u00e1 importante jornada de inauguraciones en el interior"},"content":{"rendered":"\n<p><em>Este lunes 2, desde horas tempranas, el gobernador de Formosa, Gildo Insfr\u00e1n, presidir\u00e1 una intensa jornada de inauguraciones en la colonia El Progreso, as\u00ed como en las localidades de Bartolom\u00e9 de las Casas y Comandante Fontana, donde dejar\u00e1 habilitadas importantes infraestructuras educativas, sociales, deportivas y de agua potable.<\/em><\/p>\n\n\n\n<p>Todo iniciar\u00e1 a las 8.15 horas, en la&nbsp;<strong>colonia El Progreso<\/strong>, del Departamento Piran\u00e9, situada en Ruta Nacional N\u00ba 81, kil\u00f3metro 1321, con la inauguraci\u00f3n de la refacci\u00f3n y refuncionalizaci\u00f3n de la Escuela Provincial de Educaci\u00f3n Secundaria Agraria N\u00ba 3.<\/p>\n\n\n\n<p>All\u00ed, la superficie intervenida es de 6200 metros cuadrados, en tanto que la superficie cubierta total con refacci\u00f3n y ampliaci\u00f3n asciende a 1937 metros cuadrados, donde lo ampliado incluye: un aula, biblioteca sala de inform\u00e1tica, laboratorio, polideportivo cubierto, taller, cerco perimetral completo-vereda, mobiliario completo y equipamiento deportivo.<\/p>\n\n\n\n<p>Asimismo, la refacci\u00f3n comprende: sanitarios para ni\u00f1os, ni\u00f1as y ni\u00f1os con capacidades especiales, sector fog\u00f3n horno, mesadas, reubicaci\u00f3n electrobombas para tanque cisterna y pintura general establecimiento.<\/p>\n\n\n\n<p>Seguidamente, el primer mandatario se trasladar\u00e1 a&nbsp;<strong>Bartolom\u00e9 de las Casas<\/strong>, en Ruta Nacional N\u00ba 81, kil\u00f3metro 1342, ya que a las 9.45 horas inaugurar\u00e1 en un primer t\u00e9rmino el Centro de Distribuci\u00f3n de Agua Potable, con corte de cintas y descubrimiento de una placa recordatoria.<\/p>\n\n\n\n<p>Tras ello, realizar\u00e1 la inauguraci\u00f3n de la refacci\u00f3n y ampliaci\u00f3n de la Escuela Provincial de Educaci\u00f3n Primaria (EPEP) N\u00b0 73 \u201cFray Bartolom\u00e9 de las Casas\u201d, as\u00ed como del Jard\u00edn de Infantes (JIN) N\u00b0 43 \u201cBrotecitos de Esperanza\u201d.<\/p>\n\n\n\n<figure class=\"wp-block-image\"><a href=\"https:\/\/agenfor.com.ar\/wp-content\/uploads\/2025\/06\/JIN-43.jpg\"><img decoding=\"async\" src=\"https:\/\/agenfor.com.ar\/wp-content\/uploads\/2025\/06\/JIN-43-1024x768.jpg\" alt=\"\" class=\"wp-image-231209\"\/><\/a><\/figure>\n\n\n\n<p>De acuerdo a la memoria descriptiva de las obras materializadas en la EPEP N\u00b0 73, la superficie total intervenida es de 857 metros cuadrados, donde unos 491 metros cuadrados fueron ampliados, en tanto que 366 metros cuadrados suman los refaccionados.<\/p>\n\n\n\n<p>Entre esto \u00faltimo se encuentra el sector administrativo, con acceso principal, hall, direcci\u00f3n, secretar\u00eda, sala de inform\u00e1tica y sanitario para maestros; al igual que el sector pedag\u00f3gico, donde se incluyen tres aulas, sanitarios para alumnos, alumnas y con equipamiento especial, galer\u00edas de conexi\u00f3n, cisterna de 30 mil litros, tanque de reserva de 10 mil litros, patio de formaci\u00f3n, m\u00e1stil y cerco perimetral.<\/p>\n\n\n\n<p>A su vez, el sector ampliado abarca los siguientes espacios: SUM-comedor, cocina, dep\u00f3sito, despensa y parrilla, como tambi\u00e9n patio cubierto.<\/p>\n\n\n\n<p>En el caso del JIN N\u00b0 43, en una superficie total del terreno de 950 metros cuadrados, se refaccionaron unos 85 metros cuadrados, en los siguientes espacios: dos aulas, cocina, comedor, sanitarios, patio de formaci\u00f3n, m\u00e1stil y predio cercado, dot\u00e1ndolo de juegos para ni\u00f1os, cisterna de 1000 litros y tanque de reserva de 500 litros.<\/p>\n\n\n\n<p><strong>En Fontana<\/strong><\/p>\n\n\n\n<p>En&nbsp;<strong>Comandante Fontana<\/strong>, localidad situada en el Departamento Pati\u00f1o, el gobernador Insfr\u00e1n presidir\u00e1, a las 11.15 horas, la inauguraci\u00f3n de la refacci\u00f3n y ampliaci\u00f3n de la Casa de la Solidaridad y del Polideportivo Municipal.<\/p>\n\n\n\n<p>En cuanto a la Casa de la Solidaridad, que se encuentra ubicada en la intersecci\u00f3n de Ant\u00e1rtida Argentina y Francisco Guerrero, la superficie total intervenida asciende a 280 metros cuadrados, donde la superficie cubierta refaccionada es de 200 metros cuadrados y la superficie cubierta construida se trata de 80 metros cuadrados.<\/p>\n\n\n\n<figure class=\"wp-block-image\"><a href=\"https:\/\/agenfor.com.ar\/wp-content\/uploads\/2025\/06\/Casa-de-la-Solidaridad-Fontana1.jpg\"><img decoding=\"async\" src=\"https:\/\/agenfor.com.ar\/wp-content\/uploads\/2025\/06\/Casa-de-la-Solidaridad-Fontana1-1024x576.jpg\" alt=\"\" class=\"wp-image-231210\"\/><\/a><\/figure>\n\n\n\n<p>El sector refaccionado incluye los siguientes espacios: acceso peatonal y vehicular, sal\u00f3n de usos m\u00faltiples, cocina, dep\u00f3sito-despensa, taller de usos m\u00faltiples y sanitarios para hombres, mujeres y discapacitados.<\/p>\n\n\n\n<p>En el caso de lo ampliado, abarca: quincho y parrilla, tanque cisterna, tanque de reserva, cerco perimetral, iluminaci\u00f3n exterior, cancha de bochas, sectores de estar al aire libre y parquizaci\u00f3n.<\/p>\n\n\n\n<p>En relaci\u00f3n a los aspectos constructivos, se utilizaron materiales como cubierta de chapa tipo t-101, pisos gran\u00edtico tipo Blangino, cielorraso de PVC, carpinter\u00eda de aluminio color blanco l\u00ednea M\u00f3dena, grifer\u00edas y artefactos sanitarios de primera marca tipo f\u00e9rrum, revestimientos de cer\u00e1mica esmaltada de primera.<\/p>\n\n\n\n<p>Adem\u00e1s, se incluyen muebles bajo mesada de melanina, matafuegos port\u00e1til tipo ABC de cinco kilos, artefactos de cocina de tipo industrial, mesas y sillas de cemento revestidos con cer\u00e1mica para exterior, banco m\u00f3vil tipo plaza de estructura de hierro y posaderas de madera, carteler\u00eda y se\u00f1alizaciones de alto impacto, parquizaci\u00f3n e iluminaci\u00f3n exterior.<\/p>\n\n\n\n<figure class=\"wp-block-image\"><a href=\"https:\/\/agenfor.com.ar\/wp-content\/uploads\/2025\/06\/Comandante-Fontana-Polideportivo-5.jpeg\"><img decoding=\"async\" src=\"https:\/\/agenfor.com.ar\/wp-content\/uploads\/2025\/06\/Comandante-Fontana-Polideportivo-5-768x1024.jpeg\" alt=\"\" class=\"wp-image-231214\"\/><\/a><\/figure>\n\n\n\n<p>Respecto de la construcci\u00f3n del Polideportivo Municipal, situado en la intersecci\u00f3n de las calles Saavedra y Mart\u00edn M. de G\u00fcemes, cabe referir que la superficie del predio es de 2754 metros cuadrados, en tanto que la superficie cubierta construida es de 1130 metros cuadrados, contando con los siguientes espacios funcionales: ingreso principal, boleter\u00eda, play\u00f3n polideportivo cubierto con gradas, escenario cubierto, n\u00facleo de sanitarios, vestidor, dep\u00f3sito y sala de audio.<\/p>\n","protected":false},"excerpt":{"rendered":"<p>Este lunes 2, desde horas tempranas, el gobernador de Formosa, Gildo Insfr\u00e1n, presidir\u00e1 una intensa<\/p>\n","protected":false},"author":8,"featured_media":67049,"comment_status":"closed","ping_status":"closed","sticky":false,"template":"","format":"standard","meta":{"footnotes":""},"categories":[1],"tags":[],"class_list":["post-67048","post","type-post","status-publish","format-standard","has-post-thumbnail","hentry","category-noticias"],"_links":{"self":[{"href":"https:\/\/24formosa.com.ar\/index.php?rest_route=\/wp\/v2\/posts\/67048","targetHints":{"allow":["GET"]}}],"collection":[{"href":"https:\/\/24formosa.com.ar\/index.php?rest_route=\/wp\/v2\/posts"}],"about":[{"href":"https:\/\/24formosa.com.ar\/index.php?rest_route=\/wp\/v2\/types\/post"}],"author":[{"embeddable":true,"href":"https:\/\/24formosa.com.ar\/index.php?rest_route=\/wp\/v2\/users\/8"}],"replies":[{"embeddable":true,"href":"https:\/\/24formosa.com.ar\/index.php?rest_route=%2Fwp%2Fv2%2Fcomments&post=67048"}],"version-history":[{"count":1,"href":"https:\/\/24formosa.com.ar\/index.php?rest_route=\/wp\/v2\/posts\/67048\/revisions"}],"predecessor-version":[{"id":67050,"href":"https:\/\/24formosa.com.ar\/index.php?rest_route=\/wp\/v2\/posts\/67048\/revisions\/67050"}],"wp:featuredmedia":[{"embeddable":true,"href":"https:\/\/24formosa.com.ar\/index.php?rest_route=\/wp\/v2\/media\/67049"}],"wp:attachment":[{"href":"https:\/\/24formosa.com.ar\/index.php?rest_route=%2Fwp%2Fv2%2Fmedia&parent=67048"}],"wp:term":[{"taxonomy":"category","embeddable":true,"href":"https:\/\/24formosa.com.ar\/index.php?rest_route=%2Fwp%2Fv2%2Fcategories&post=67048"},{"taxonomy":"post_tag","embeddable":true,"href":"https:\/\/24formosa.com.ar\/index.php?rest_route=%2Fwp%2Fv2%2Ftags&post=67048"}],"curies":[{"name":"wp","href":"https:\/\/api.w.org\/{rel}","templated":true}]}}